{"id":115,"date":"2018-12-23T11:29:33","date_gmt":"2018-12-23T09:29:33","guid":{"rendered":"http:\/\/www.dizabil.eu\/info\/?p=115"},"modified":"2020-01-19T22:32:32","modified_gmt":"2020-01-19T20:32:32","slug":"persoanele-cu-handicap-ireversibil-nu-vor-mai-fi-chemate-periodic-la-comisie","status":"publish","type":"post","link":"https:\/\/www.dizabil.eu\/info\/persoanele-cu-handicap-ireversibil-nu-vor-mai-fi-chemate-periodic-la-comisie\/","title":{"rendered":"Persoanele cu handicap ireversibil nu vor mai fi chemate periodic la Comisie"},"content":{"rendered":"<p><a href=\"http:\/\/www.dizabil.eu\/info\/wp-content\/uploads\/2019\/12\/comisie-handicap-ireversibil.jpg\"><img loading=\"lazy\" class=\"size-full wp-image-123 aligncenter\" src=\"http:\/\/www.dizabil.eu\/info\/wp-content\/uploads\/2019\/12\/comisie-handicap-ireversibil.jpg\" alt=\"\" width=\"450\" height=\"289\" srcset=\"https:\/\/www.dizabil.eu\/info\/wp-content\/uploads\/2019\/12\/comisie-handicap-ireversibil.jpg 450w, https:\/\/www.dizabil.eu\/info\/wp-content\/uploads\/2019\/12\/comisie-handicap-ireversibil-300x193.jpg 300w\" sizes=\"(max-width: 450px) 100vw, 450px\" \/><\/a><\/p>\n<p>Oamenii afecta\u021bi de dizabilit\u0103\u021bi ireversibile nu vor mai trebui s\u0103 se prezinte \u00een fa\u021ba Comisiei de evaluare pentru reevaluarea periodic\u0103, ca urmare a unei propuneri legislative adoptat\u0103 recent de Camera Deputa\u021bilor, ce modific\u0103 articolul nr. 59 din Legea nr. 448\/2006, privind protec\u021bia \u0219i promovarea drepturilor persoanelor cu handicap<br \/>\nAcest lucru este de un real folos persoanelor cu handicap care, de\u0219i au handicapuri ireversibile \u0219i nerecuperabile, trebuiau s\u0103 cheltuie bani \u0219i s\u0103 depun\u0103 efort considerabil pentru a ajunge, pe orice vreme \u0219i din orice col\u021b al jude\u021bului, \u00een fa\u021ba Comisiei de evaluare, la Foc\u0219ani, cu 30 de zile \u00eenainte de expirarea termenului trecut \u00een Certificatul de \u00eencadrare, pentru reevaluare, dac\u0103 nu doreau s\u0103 se trezeasc\u0103 sco\u0219i din r\u00e2ndul persoanelor cu dizabilit\u0103\u021bi \u0219i s\u0103 r\u0103m\u00e2n\u0103 f\u0103r\u0103 drepturile aferente.<br \/>\nP\u00e2n\u0103 la aceast\u0103 modificare, respectivul articol din Legea nr. 448\/2006 prevedea c\u0103 persoanele cu handicap au urm\u0103toarele obliga\u021bii: s\u0103 se prezinte, din oficiu sau la solicitare, pentru evaluare \u015fi reevaluare, la comisiile cu competen\u0163\u0103 \u00een domeniu; s\u0103 depun\u0103 diligen\u0163ele necesare pentru a beneficia de drepturile prev\u0103zute de lege; s\u0103 depun\u0103 diligen\u0163e pentru \u00eencadrarea \u00een munc\u0103, \u00een condi\u0163iile legii, \u00een raport cu preg\u0103tirea, posibilit\u0103\u0163ile fizice \u015fi psihice, pe baza recomand\u0103rilor comisiei cu competen\u0163\u0103 \u00een domeniu; s\u0103 colaboreze cu asisten\u0163ii sociali \u015fi speciali\u015ftii care au ca scop recuperarea, reabilitarea, orientarea profesional\u0103 \u015fi integrarea social\u0103; s\u0103 aduc\u0103 la cuno\u015ftin\u0163\u0103 direc\u0163iilor generale de asisten\u0163\u0103 social\u0103 \u015fi protec\u0163ia copilului jude\u0163ene, respectiv locale ale sectoarelor municipiului Bucure\u015fti, \u00een termen de 48 de ore de la luarea la cuno\u015ftin\u0163\u0103, orice modificare cu privire la gradul de handicap, domiciliu sau re\u015fedin\u0163\u0103, starea material\u0103 \u015fi alte situa\u0163ii de natur\u0103 s\u0103 modifice acordarea drepturilor prev\u0103zute de lege.<br \/>\nPunctul care a fost modificat din acest articol, preciza c\u0103 persoanele cu handicap au obliga\u021bia \u201es\u0103 urmeze activit\u0103\u0163ile \u015fi serviciile prev\u0103zute \u00een planul de recuperare pentru copilul cu handicap, respectiv \u00een planul individual de servicii al adultului cu handicap\u201d. Dup\u0103 modificare, acesta are urm\u0103torul cuprins: \u201es\u0103 se prezinte pentru reevaluare, la solicitarea structurilor competente \u00een domeniu, cu excep\u0163ia persoanelor cu handicap a c\u0103ror afec\u0163iune a generat deficien\u0163e func\u0163ionale \u015fi\/sau structural-anatomice \u00eentr-un stadiu ireversibil, care nu pot urma programe de recuperare \u015fi pentru care comisia de evaluare a stabilit un termen permanent de valabilitate a certificatului de \u00eencadrare \u00een grad \u015fi tip de handicap\u201d.<br \/>\nDup\u0103 aliniatul 1 al articolului 59 s-a mai introdus un nou aliniat, care prevede c\u0103 : \u201ePersoanele pentru care comisia de evaluare a stabilit un termen permanent de valabilitate a certificatului de \u00eencadrare \u00een grad \u015fi tip de handicap se prezint\u0103 pentru reevaluare \u00een urm\u0103toarele situa\u0163ii: solicit\u0103 acest lucru ca urmare a agrav\u0103rii condi\u0163iei lor medico-psihosociale; sunt convocate de c\u0103tre structurile competente \u00een cazul existen\u0163ei unor suspiciuni justificate privind \u00eenc\u0103lcarea prevederilor legale referitoare la \u00eencadrarea \u00een grad \u015fi tip de handicap\u201d.<\/p>\n","protected":false},"excerpt":{"rendered":"<p>Oamenii afecta\u021bi de dizabilit\u0103\u021bi ireversibile nu vor mai trebui s\u0103 se prezinte \u00een fa\u021ba Comisiei de evaluare pentru reevaluarea periodic\u0103, ca urmare a unei propuneri legislative adoptat\u0103 recent de Camera Deputa\u021bilor, ce modific\u0103 articolul nr. 59 din Legea nr. 448\/2006, privind protec\u021bia \u0219i promovarea drepturilor persoanelor cu handicap Acest lucru este de un real folos [&hellip;]<\/p>\n","protected":false},"author":1,"featured_media":123,"comment_status":"closed","ping_status":"open","sticky":false,"template":"","format":"standard","meta":{"cybocfi_hide_featured_image":"yes"},"categories":[2],"tags":[39,27,36,38],"yoast_head":"<!-- This site is optimized with the Yoast SEO plugin v18.0 - https:\/\/yoast.com\/wordpress\/plugins\/seo\/ -->\n<title>Persoanele cu handicap ireversibil nu vor mai fi chemate periodic la Comisie - info.dizabil.eu<\/title>\n<meta name=\"robots\" content=\"index, follow, max-snippet:-1, max-image-preview:large, max-video-preview:-1\" \/>\n<link rel=\"canonical\" href=\"https:\/\/www.dizabil.eu\/info\/persoanele-cu-handicap-ireversibil-nu-vor-mai-fi-chemate-periodic-la-comisie\/\" \/>\n<meta property=\"og:locale\" content=\"ro_RO\" \/>\n<meta property=\"og:type\" content=\"article\" \/>\n<meta property=\"og:title\" content=\"Persoanele cu handicap ireversibil nu vor mai fi chemate periodic la Comisie - info.dizabil.eu\" \/>\n<meta property=\"og:description\" content=\"Oamenii afecta\u021bi de dizabilit\u0103\u021bi ireversibile nu vor mai trebui s\u0103 se prezinte \u00een fa\u021ba Comisiei de evaluare pentru reevaluarea periodic\u0103, ca urmare a unei propuneri legislative adoptat\u0103 recent de Camera Deputa\u021bilor, ce modific\u0103 articolul nr. 59 din Legea nr. 448\/2006, privind protec\u021bia \u0219i promovarea drepturilor persoanelor cu handicap Acest lucru este de un real folos [&hellip;]\" \/>\n<meta property=\"og:url\" content=\"https:\/\/www.dizabil.eu\/info\/persoanele-cu-handicap-ireversibil-nu-vor-mai-fi-chemate-periodic-la-comisie\/\" \/>\n<meta property=\"og:site_name\" content=\"info.dizabil.eu\" \/>\n<meta property=\"article:published_time\" content=\"2018-12-23T09:29:33+00:00\" \/>\n<meta property=\"article:modified_time\" content=\"2020-01-19T20:32:32+00:00\" \/>\n<meta property=\"og:image\" content=\"https:\/\/www.dizabil.eu\/info\/wp-content\/uploads\/2019\/12\/comisie-handicap-ireversibil.jpg\" \/>\n\t<meta property=\"og:image:width\" content=\"450\" \/>\n\t<meta property=\"og:image:height\" content=\"289\" \/>\n\t<meta property=\"og:image:type\" content=\"image\/jpeg\" \/>\n<meta name=\"twitter:card\" content=\"summary_large_image\" \/>\n<meta name=\"twitter:label1\" content=\"Scris de\" \/>\n\t<meta name=\"twitter:data1\" content=\"dizabil.eu\" \/>\n\t<meta name=\"twitter:label2\" content=\"Timp estimat pentru citire\" \/>\n\t<meta name=\"twitter:data2\" content=\"3 minute\" \/>\n<script type=\"application\/ld+json\" class=\"yoast-schema-graph\">{\"@context\":\"https:\/\/schema.org\",\"@graph\":[{\"@type\":\"WebSite\",\"@id\":\"https:\/\/www.dizabil.eu\/info\/#website\",\"url\":\"https:\/\/www.dizabil.eu\/info\/\",\"name\":\"info.dizabil.eu\",\"description\":\"site destinat persoanelor cu dizabilitati\",\"potentialAction\":[{\"@type\":\"SearchAction\",\"target\":{\"@type\":\"EntryPoint\",\"urlTemplate\":\"https:\/\/www.dizabil.eu\/info\/?s={search_term_string}\"},\"query-input\":\"required name=search_term_string\"}],\"inLanguage\":\"ro-RO\"},{\"@type\":\"WebPage\",\"@id\":\"https:\/\/www.dizabil.eu\/info\/persoanele-cu-handicap-ireversibil-nu-vor-mai-fi-chemate-periodic-la-comisie\/#webpage\",\"url\":\"https:\/\/www.dizabil.eu\/info\/persoanele-cu-handicap-ireversibil-nu-vor-mai-fi-chemate-periodic-la-comisie\/\",\"name\":\"Persoanele cu handicap ireversibil nu vor mai fi chemate periodic la Comisie - info.dizabil.eu\",\"isPartOf\":{\"@id\":\"https:\/\/www.dizabil.eu\/info\/#website\"},\"primaryImageOfPage\":{\"@id\":\"https:\/\/www.dizabil.eu\/info\/persoanele-cu-handicap-ireversibil-nu-vor-mai-fi-chemate-periodic-la-comisie\/#primaryimage\"},\"datePublished\":\"2018-12-23T09:29:33+00:00\",\"dateModified\":\"2020-01-19T20:32:32+00:00\",\"author\":{\"@id\":\"https:\/\/www.dizabil.eu\/info\/#\/schema\/person\/45a43d786483fdbbf17f59603cdbbf53\"},\"breadcrumb\":{\"@id\":\"https:\/\/www.dizabil.eu\/info\/persoanele-cu-handicap-ireversibil-nu-vor-mai-fi-chemate-periodic-la-comisie\/#breadcrumb\"},\"inLanguage\":\"ro-RO\",\"potentialAction\":[{\"@type\":\"ReadAction\",\"target\":[\"https:\/\/www.dizabil.eu\/info\/persoanele-cu-handicap-ireversibil-nu-vor-mai-fi-chemate-periodic-la-comisie\/\"]}]},{\"@type\":\"BreadcrumbList\",\"@id\":\"https:\/\/www.dizabil.eu\/info\/persoanele-cu-handicap-ireversibil-nu-vor-mai-fi-chemate-periodic-la-comisie\/#breadcrumb\",\"itemListElement\":[{\"@type\":\"ListItem\",\"position\":1,\"name\":\"Prima pagin\u0103\",\"item\":\"https:\/\/www.dizabil.eu\/info\/\"},{\"@type\":\"ListItem\",\"position\":2,\"name\":\"Persoanele cu handicap ireversibil nu vor mai fi chemate periodic la Comisie\"}]},{\"@type\":\"Person\",\"@id\":\"https:\/\/www.dizabil.eu\/info\/#\/schema\/person\/45a43d786483fdbbf17f59603cdbbf53\",\"name\":\"dizabil.eu\",\"image\":{\"@type\":\"ImageObject\",\"@id\":\"https:\/\/www.dizabil.eu\/info\/#personlogo\",\"inLanguage\":\"ro-RO\",\"url\":\"https:\/\/secure.gravatar.com\/avatar\/51be15a827648a4a30b866920625e032?s=96&d=mm&r=g\",\"contentUrl\":\"https:\/\/secure.gravatar.com\/avatar\/51be15a827648a4a30b866920625e032?s=96&d=mm&r=g\",\"caption\":\"dizabil.eu\"},\"url\":\"https:\/\/www.dizabil.eu\/info\/author\/vasy\/\"}]}<\/script>\n<!-- \/ Yoast SEO plugin. -->","yoast_head_json":{"title":"Persoanele cu handicap ireversibil nu vor mai fi chemate periodic la Comisie - info.dizabil.eu","robots":{"index":"index","follow":"follow","max-snippet":"max-snippet:-1","max-image-preview":"max-image-preview:large","max-video-preview":"max-video-preview:-1"},"canonical":"https:\/\/www.dizabil.eu\/info\/persoanele-cu-handicap-ireversibil-nu-vor-mai-fi-chemate-periodic-la-comisie\/","og_locale":"ro_RO","og_type":"article","og_title":"Persoanele cu handicap ireversibil nu vor mai fi chemate periodic la Comisie - info.dizabil.eu","og_description":"Oamenii afecta\u021bi de dizabilit\u0103\u021bi ireversibile nu vor mai trebui s\u0103 se prezinte \u00een fa\u021ba Comisiei de evaluare pentru reevaluarea periodic\u0103, ca urmare a unei propuneri legislative adoptat\u0103 recent de Camera Deputa\u021bilor, ce modific\u0103 articolul nr. 59 din Legea nr. 448\/2006, privind protec\u021bia \u0219i promovarea drepturilor persoanelor cu handicap Acest lucru este de un real folos [&hellip;]","og_url":"https:\/\/www.dizabil.eu\/info\/persoanele-cu-handicap-ireversibil-nu-vor-mai-fi-chemate-periodic-la-comisie\/","og_site_name":"info.dizabil.eu","article_published_time":"2018-12-23T09:29:33+00:00","article_modified_time":"2020-01-19T20:32:32+00:00","og_image":[{"width":450,"height":289,"url":"https:\/\/www.dizabil.eu\/info\/wp-content\/uploads\/2019\/12\/comisie-handicap-ireversibil.jpg","type":"image\/jpeg"}],"twitter_card":"summary_large_image","twitter_misc":{"Scris de":"dizabil.eu","Timp estimat pentru citire":"3 minute"},"schema":{"@context":"https:\/\/schema.org","@graph":[{"@type":"WebSite","@id":"https:\/\/www.dizabil.eu\/info\/#website","url":"https:\/\/www.dizabil.eu\/info\/","name":"info.dizabil.eu","description":"site destinat persoanelor cu dizabilitati","potentialAction":[{"@type":"SearchAction","target":{"@type":"EntryPoint","urlTemplate":"https:\/\/www.dizabil.eu\/info\/?s={search_term_string}"},"query-input":"required name=search_term_string"}],"inLanguage":"ro-RO"},{"@type":"WebPage","@id":"https:\/\/www.dizabil.eu\/info\/persoanele-cu-handicap-ireversibil-nu-vor-mai-fi-chemate-periodic-la-comisie\/#webpage","url":"https:\/\/www.dizabil.eu\/info\/persoanele-cu-handicap-ireversibil-nu-vor-mai-fi-chemate-periodic-la-comisie\/","name":"Persoanele cu handicap ireversibil nu vor mai fi chemate periodic la Comisie - info.dizabil.eu","isPartOf":{"@id":"https:\/\/www.dizabil.eu\/info\/#website"},"primaryImageOfPage":{"@id":"https:\/\/www.dizabil.eu\/info\/persoanele-cu-handicap-ireversibil-nu-vor-mai-fi-chemate-periodic-la-comisie\/#primaryimage"},"datePublished":"2018-12-23T09:29:33+00:00","dateModified":"2020-01-19T20:32:32+00:00","author":{"@id":"https:\/\/www.dizabil.eu\/info\/#\/schema\/person\/45a43d786483fdbbf17f59603cdbbf53"},"breadcrumb":{"@id":"https:\/\/www.dizabil.eu\/info\/persoanele-cu-handicap-ireversibil-nu-vor-mai-fi-chemate-periodic-la-comisie\/#breadcrumb"},"inLanguage":"ro-RO","potentialAction":[{"@type":"ReadAction","target":["https:\/\/www.dizabil.eu\/info\/persoanele-cu-handicap-ireversibil-nu-vor-mai-fi-chemate-periodic-la-comisie\/"]}]},{"@type":"BreadcrumbList","@id":"https:\/\/www.dizabil.eu\/info\/persoanele-cu-handicap-ireversibil-nu-vor-mai-fi-chemate-periodic-la-comisie\/#breadcrumb","itemListElement":[{"@type":"ListItem","position":1,"name":"Prima pagin\u0103","item":"https:\/\/www.dizabil.eu\/info\/"},{"@type":"ListItem","position":2,"name":"Persoanele cu handicap ireversibil nu vor mai fi chemate periodic la Comisie"}]},{"@type":"Person","@id":"https:\/\/www.dizabil.eu\/info\/#\/schema\/person\/45a43d786483fdbbf17f59603cdbbf53","name":"dizabil.eu","image":{"@type":"ImageObject","@id":"https:\/\/www.dizabil.eu\/info\/#personlogo","inLanguage":"ro-RO","url":"https:\/\/secure.gravatar.com\/avatar\/51be15a827648a4a30b866920625e032?s=96&d=mm&r=g","contentUrl":"https:\/\/secure.gravatar.com\/avatar\/51be15a827648a4a30b866920625e032?s=96&d=mm&r=g","caption":"dizabil.eu"},"url":"https:\/\/www.dizabil.eu\/info\/author\/vasy\/"}]}},"_links":{"self":[{"href":"https:\/\/www.dizabil.eu\/info\/wp-json\/wp\/v2\/posts\/115"}],"collection":[{"href":"https:\/\/www.dizabil.eu\/info\/wp-json\/wp\/v2\/posts"}],"about":[{"href":"https:\/\/www.dizabil.eu\/info\/wp-json\/wp\/v2\/types\/post"}],"author":[{"embeddable":true,"href":"https:\/\/www.dizabil.eu\/info\/wp-json\/wp\/v2\/users\/1"}],"replies":[{"embeddable":true,"href":"https:\/\/www.dizabil.eu\/info\/wp-json\/wp\/v2\/comments?post=115"}],"version-history":[{"count":3,"href":"https:\/\/www.dizabil.eu\/info\/wp-json\/wp\/v2\/posts\/115\/revisions"}],"predecessor-version":[{"id":124,"href":"https:\/\/www.dizabil.eu\/info\/wp-json\/wp\/v2\/posts\/115\/revisions\/124"}],"wp:featuredmedia":[{"embeddable":true,"href":"https:\/\/www.dizabil.eu\/info\/wp-json\/wp\/v2\/media\/123"}],"wp:attachment":[{"href":"https:\/\/www.dizabil.eu\/info\/wp-json\/wp\/v2\/media?parent=115"}],"wp:term":[{"taxonomy":"category","embeddable":true,"href":"https:\/\/www.dizabil.eu\/info\/wp-json\/wp\/v2\/categories?post=115"},{"taxonomy":"post_tag","embeddable":true,"href":"https:\/\/www.dizabil.eu\/info\/wp-json\/wp\/v2\/tags?post=115"}],"curies":[{"name":"wp","href":"https:\/\/api.w.org\/{rel}","templated":true}]}}