{"id":117,"date":"2019-12-23T11:43:03","date_gmt":"2019-12-23T09:43:03","guid":{"rendered":"http:\/\/www.dizabil.eu\/info\/?p=117"},"modified":"2020-01-11T14:39:07","modified_gmt":"2020-01-11T12:39:07","slug":"pasii-necesari-pentru-deveni-asistentul-personal-al-unei-persoane-cu-handicap","status":"publish","type":"post","link":"https:\/\/www.dizabil.eu\/info\/pasii-necesari-pentru-deveni-asistentul-personal-al-unei-persoane-cu-handicap\/","title":{"rendered":"Pasii necesari pentru a deveni asistentul personal al unei persoane cu handicap"},"content":{"rendered":"<p><img loading=\"lazy\" class=\"aligncenter\" src=\"http:\/\/www.dizabil.eu\/info\/content2\/pasii-necesari-pentru-deveni-asistentul-personal-al-unei-persoane-cu-handicap_files\/asistent-personal-pers.jpg\" alt=\"asistentul personal al unei persoane cu handicap\" width=\"450\" height=\"250\" \/><\/p>\n<p>&nbsp;<\/p>\n<p>Etapele parcurse \u00een vederea <strong>angaj\u0103rii asistentului personal al persoanei cu handicap grav<\/strong>:<\/p>\n<p>Potrivit art. 5 alin. (1) din H.G.R. nr. 427\/20001 pentru aprobarea Normelor metodologice privind condi\u0163iile de \u00eencadrare, drepturile \u015fi obliga\u0163iile asistentului personal al persoanei cu handicap, \u201e contractul individual de munc\u0103 al asistentului personal se \u00eencheie cu primarul localit\u0103\u0163ii de domiciliu, sau, dup\u0103 caz, de re\u015fedin\u0163\u0103, stabilit\u0103 potrivit legii, a persoanei cu handicap grav, pe baza hot\u0103r\u00e2rii Consiliului Local \u201d.<\/p>\n<ul style=\"list-style-type: circle;\">\n<li><strong>I<\/strong>\u00a0 1)<em>Potrivit art. 5 alin. (2) din H.G.R. nr. 427\/2001 pentru aprobarea Normelor metodologice privind condi\u0163iile de \u00eencadrare, drepturile \u015fi obliga\u0163iile asistentului personal al persoanei cu handicap:<\/em><\/li>\n<\/ul>\n<p>\u201cContractul individual de munc\u0103 al asistentului personal se \u00eentocme\u015fte \u00een 3 exemplare, c\u00e2te unul pentru fiecare parte contractant\u0103, iar cel de-al treilea exemplar se transmite inspectorului de stat teritorial pentru persoanele cu handicap, \u00een termen de 5 zile de la \u00eencheierea acestuia.<\/p>\n<p style=\"padding-left: 40px;\"><strong>Dosarul de angajare va cuprinde:<\/strong><br \/>\na) cererea de angajare;<br \/>\nb) copie de pe actul de identitate al persoanei care solicit\u0103 angajarea;<br \/>\nc) carnetul de munc\u0103; dac\u0103 solicitantul nu a mai lucrat, va da o declara\u0163ie pe propria r\u0103spundere \u00een care s\u0103 specifice aceast\u0103 situa\u0163ie;<br \/>\nd) copie de pe actele de studii \u015fi de pe actele de stare civil\u0103;<br \/>\ne) talonul de control medical eliberat de medicul de familie sau de unitatea sanitar\u0103 la care a efectuat examenele medicale de specialitate;<br \/>\nf) cazierul judiciar;<br \/>\ng) copie de pe certificatul de persoan\u0103 cu handicap al persoanei cu handicap grav care necesit\u0103 asistent personal, vizat de func\u0163ionarul \u00eens\u0103rcinat cu primirea dosarului;<br \/>\nh) raportul de anchet\u0103 social\u0103 \u00eentocmit de asistentul social din cadrul aparatului propriu al Consiliului Local \u00een a c\u0103rui raz\u0103 teritorial\u0103 \u00ee\u015fi are domiciliul sau re\u015fedin\u0163a persoana care solicit\u0103 angajarea sau de o alt\u0103 persoan\u0103 desemnat\u0103 de angajator, care va cuprinde \u015fi<br \/>\nmen\u0163iuni cu privire la conduita moral\u0103 a persoanei care solicit\u0103 angajarea;<br \/>\ni) acordul scris al familiei sau al sus\u0163in\u0103torilor legali, \u00een cazul persoanelor cu handicap grav f\u0103r\u0103 discern\u0103m\u00e2nt;<\/p>\n<p style=\"padding-left: 40px;\">2) <strong>Dosarul de angajare al asistentului personal va cuprinde<\/strong> pe l\u00e2ng\u0103 actele prev\u0103zute de H.G.R. nr. 427\/2001 \u015fi:<\/p>\n<p style=\"padding-left: 40px;\">j) curriculum vitae;<br \/>\nk) referat de anchet\u0103 social\u0103 efectuat la domiciliul persoanei cu handicap.<br \/>\n3) Potrivit art. 5 alin. (3) din H.G.R. nr. 427\/2001 \u201econtractul individual de munc\u0103 se \u00eencheie pe durat\u0103 determinat\u0103, \u00een func\u0163ie de valabilitatea certificatului de persoan\u0103 cu handicap, dar nu mai mult de un an, cu posibilitatea prelungirii. Pentru asisten\u0163ii personali ai persoanelor cu handicap grav, al c\u0103ror certificat de persoan\u0103 cu handicap are valabilitate permanent\u0103, contractul individual de munc\u0103 se \u00eencheie pe durat\u0103 nedeterminat\u0103\u201d.<\/p>\n<ul style=\"list-style-type: circle;\">\n<li><strong>II<\/strong>. <em>Evaluarea cererii va fi f\u0103cut\u0103 \u00een termen de maxim 30 de zile, finalizat\u0103 prin semnarea Deciziei de c\u0103tre Directorul Direc\u0163iei de Protec\u0163ie Social\u0103 Sector 2 Bucure\u015fti \u015fi \u00eentocmirea contractului de munc\u0103:<\/em><\/li>\n<\/ul>\n<p>Pentru angajarea \u015fi salarizarea corect\u0103 a asisten\u0163ilor personali ai persoanelor cu handicap grav se stabilesc urm\u0103toarele principii de angajare \u015fi salarizare:<\/p>\n<ol>\n<li>La 30 de zile de la data registraturii vor fi semnate deciziile de c\u0103tre Directorul Direc\u0163iei de Protec\u0163ie Social\u0103 Sector 2, Bucure\u015fti \u015fi \u00eencheiate contractele de munc\u0103 dup\u0103 cum urmeaz\u0103:<br \/>\n\u2022 Asisten\u0163ii personali afla\u0163i la prima angajare ca asistent personal al persoanei cu handicap grav, pentru un certificat nou de persoan\u0103 cu handicap grav;<br \/>\n\u2022 La prima angajare prin schimbarea asistentului personal, pentru persoana cu handicap grav care dispune de un asistent personal al c\u0103rui contract de munc\u0103 a fost \u00eencetat.<\/li>\n<li>Data angaj\u0103rii va fi aceea\u015fi cu data registraturii pentru:<br \/>\n\u2022 Angajarea cu continiutate \u2013 certificatul persoanei cu handicap fiind prelungit dac\u0103:<br \/>\n&#8211; persoana cu handicap grav nu se prezint\u0103 la termen la Comisia de Expertiz\u0103 Medical\u0103;<br \/>\n&#8211; persoana cu handicap grav sau asistentul personal al acestuia nu depune la timp, la registratura Direc\u0163iei de Protec\u0163ie Social\u0103 Sector 2, dovada.<br \/>\nprelungirii certificatului de \u00eencadrare \u00een categoria de persoan\u0103 cu handicap grav cu \u00eenso\u0163itor emis de Comisia de Expertiz\u0103 Medical\u0103;<br \/>\n\u2022 La prima angajare dac\u0103 actele solicitate petentului sau trimise de forurile competente, (acte necesare complet\u0103rii dosarului solicitantului \u00een vederea angaj\u0103rii \u00een func\u0163ia de asistent personal), sunt depuse la registratura Direc\u0163iei de Protec\u0163ie Social\u0103 Sector 2 dup\u0103 30 de zile (termenul legal de solu\u0163ionare a cererilor) de la depunerea ini\u0163ial\u0103 a cererii.<\/li>\n<\/ol>\n<p style=\"text-align: right;\"><em><span style=\"font-size: 14px;\">sursa: www.observatorul.ro<\/span><\/em><\/p>\n","protected":false},"excerpt":{"rendered":"<p>Dosarul de angajare va cuprinde:a) cererea de angajare;b) copie de pe actul de identitate al persoanei care solicit\u0103 angajarea&#8230;.<\/p>\n","protected":false},"author":1,"featured_media":119,"comment_status":"closed","ping_status":"open","sticky":false,"template":"","format":"standard","meta":{"cybocfi_hide_featured_image":"yes"},"categories":[2],"tags":[34,37,36,35],"yoast_head":"<!-- This site is optimized with the Yoast SEO plugin v18.0 - https:\/\/yoast.com\/wordpress\/plugins\/seo\/ -->\n<title>Pasii necesari pentru a deveni asistentul personal al unei persoane cu handicap - info.dizabil.eu<\/title>\n<meta name=\"description\" content=\"Dosarul de angajare va cuprinde:a) cererea de angajare;b) copie de pe actul de identitate al persoanei care solicit\u0103 angajarea....\" \/>\n<meta name=\"robots\" content=\"index, follow, max-snippet:-1, max-image-preview:large, max-video-preview:-1\" \/>\n<link rel=\"canonical\" href=\"https:\/\/www.dizabil.eu\/info\/pasii-necesari-pentru-deveni-asistentul-personal-al-unei-persoane-cu-handicap\/\" \/>\n<meta property=\"og:locale\" content=\"ro_RO\" \/>\n<meta property=\"og:type\" content=\"article\" \/>\n<meta property=\"og:title\" content=\"Pasii necesari pentru a deveni asistentul personal al unei persoane cu handicap - info.dizabil.eu\" \/>\n<meta property=\"og:description\" content=\"Dosarul de angajare va cuprinde:a) cererea de angajare;b) copie de pe actul de identitate al persoanei care solicit\u0103 angajarea....\" \/>\n<meta property=\"og:url\" content=\"https:\/\/www.dizabil.eu\/info\/pasii-necesari-pentru-deveni-asistentul-personal-al-unei-persoane-cu-handicap\/\" \/>\n<meta property=\"og:site_name\" content=\"info.dizabil.eu\" \/>\n<meta property=\"article:published_time\" content=\"2019-12-23T09:43:03+00:00\" \/>\n<meta property=\"article:modified_time\" content=\"2020-01-11T12:39:07+00:00\" \/>\n<meta property=\"og:image\" content=\"http:\/\/www.dizabil.eu\/info\/content2\/pasii-necesari-pentru-deveni-asistentul-personal-al-unei-persoane-cu-handicap_files\/asistent-personal-pers.jpg\" \/>\n<meta name=\"twitter:card\" content=\"summary_large_image\" \/>\n<meta name=\"twitter:image\" content=\"http:\/\/www.dizabil.eu\/info\/content2\/pasii-necesari-pentru-deveni-asistentul-personal-al-unei-persoane-cu-handicap_files\/asistent-personal-pers.jpg\" \/>\n<meta name=\"twitter:label1\" content=\"Scris de\" \/>\n\t<meta name=\"twitter:data1\" content=\"dizabil.eu\" \/>\n\t<meta name=\"twitter:label2\" content=\"Timp estimat pentru citire\" \/>\n\t<meta name=\"twitter:data2\" content=\"4 minute\" \/>\n<script type=\"application\/ld+json\" class=\"yoast-schema-graph\">{\"@context\":\"https:\/\/schema.org\",\"@graph\":[{\"@type\":\"WebSite\",\"@id\":\"https:\/\/www.dizabil.eu\/info\/#website\",\"url\":\"https:\/\/www.dizabil.eu\/info\/\",\"name\":\"info.dizabil.eu\",\"description\":\"site destinat persoanelor cu dizabilitati\",\"potentialAction\":[{\"@type\":\"SearchAction\",\"target\":{\"@type\":\"EntryPoint\",\"urlTemplate\":\"https:\/\/www.dizabil.eu\/info\/?s={search_term_string}\"},\"query-input\":\"required name=search_term_string\"}],\"inLanguage\":\"ro-RO\"},{\"@type\":\"WebPage\",\"@id\":\"https:\/\/www.dizabil.eu\/info\/pasii-necesari-pentru-deveni-asistentul-personal-al-unei-persoane-cu-handicap\/#webpage\",\"url\":\"https:\/\/www.dizabil.eu\/info\/pasii-necesari-pentru-deveni-asistentul-personal-al-unei-persoane-cu-handicap\/\",\"name\":\"Pasii necesari pentru a deveni asistentul personal al unei persoane cu handicap - info.dizabil.eu\",\"isPartOf\":{\"@id\":\"https:\/\/www.dizabil.eu\/info\/#website\"},\"primaryImageOfPage\":{\"@id\":\"https:\/\/www.dizabil.eu\/info\/pasii-necesari-pentru-deveni-asistentul-personal-al-unei-persoane-cu-handicap\/#primaryimage\"},\"datePublished\":\"2019-12-23T09:43:03+00:00\",\"dateModified\":\"2020-01-11T12:39:07+00:00\",\"author\":{\"@id\":\"https:\/\/www.dizabil.eu\/info\/#\/schema\/person\/45a43d786483fdbbf17f59603cdbbf53\"},\"description\":\"Dosarul de angajare va cuprinde:a) cererea de angajare;b) copie de pe actul de identitate al persoanei care solicit\u0103 angajarea....\",\"breadcrumb\":{\"@id\":\"https:\/\/www.dizabil.eu\/info\/pasii-necesari-pentru-deveni-asistentul-personal-al-unei-persoane-cu-handicap\/#breadcrumb\"},\"inLanguage\":\"ro-RO\",\"potentialAction\":[{\"@type\":\"ReadAction\",\"target\":[\"https:\/\/www.dizabil.eu\/info\/pasii-necesari-pentru-deveni-asistentul-personal-al-unei-persoane-cu-handicap\/\"]}]},{\"@type\":\"BreadcrumbList\",\"@id\":\"https:\/\/www.dizabil.eu\/info\/pasii-necesari-pentru-deveni-asistentul-personal-al-unei-persoane-cu-handicap\/#breadcrumb\",\"itemListElement\":[{\"@type\":\"ListItem\",\"position\":1,\"name\":\"Prima pagin\u0103\",\"item\":\"https:\/\/www.dizabil.eu\/info\/\"},{\"@type\":\"ListItem\",\"position\":2,\"name\":\"Pasii necesari pentru a deveni asistentul personal al unei persoane cu handicap\"}]},{\"@type\":\"Person\",\"@id\":\"https:\/\/www.dizabil.eu\/info\/#\/schema\/person\/45a43d786483fdbbf17f59603cdbbf53\",\"name\":\"dizabil.eu\",\"image\":{\"@type\":\"ImageObject\",\"@id\":\"https:\/\/www.dizabil.eu\/info\/#personlogo\",\"inLanguage\":\"ro-RO\",\"url\":\"https:\/\/secure.gravatar.com\/avatar\/51be15a827648a4a30b866920625e032?s=96&d=mm&r=g\",\"contentUrl\":\"https:\/\/secure.gravatar.com\/avatar\/51be15a827648a4a30b866920625e032?s=96&d=mm&r=g\",\"caption\":\"dizabil.eu\"},\"url\":\"https:\/\/www.dizabil.eu\/info\/author\/vasy\/\"}]}<\/script>\n<!-- \/ Yoast SEO plugin. -->","yoast_head_json":{"title":"Pasii necesari pentru a deveni asistentul personal al unei persoane cu handicap - info.dizabil.eu","description":"Dosarul de angajare va cuprinde:a) cererea de angajare;b) copie de pe actul de identitate al persoanei care solicit\u0103 angajarea....","robots":{"index":"index","follow":"follow","max-snippet":"max-snippet:-1","max-image-preview":"max-image-preview:large","max-video-preview":"max-video-preview:-1"},"canonical":"https:\/\/www.dizabil.eu\/info\/pasii-necesari-pentru-deveni-asistentul-personal-al-unei-persoane-cu-handicap\/","og_locale":"ro_RO","og_type":"article","og_title":"Pasii necesari pentru a deveni asistentul personal al unei persoane cu handicap - info.dizabil.eu","og_description":"Dosarul de angajare va cuprinde:a) cererea de angajare;b) copie de pe actul de identitate al persoanei care solicit\u0103 angajarea....","og_url":"https:\/\/www.dizabil.eu\/info\/pasii-necesari-pentru-deveni-asistentul-personal-al-unei-persoane-cu-handicap\/","og_site_name":"info.dizabil.eu","article_published_time":"2019-12-23T09:43:03+00:00","article_modified_time":"2020-01-11T12:39:07+00:00","og_image":[{"url":"http:\/\/www.dizabil.eu\/info\/content2\/pasii-necesari-pentru-deveni-asistentul-personal-al-unei-persoane-cu-handicap_files\/asistent-personal-pers.jpg"}],"twitter_card":"summary_large_image","twitter_image":"http:\/\/www.dizabil.eu\/info\/content2\/pasii-necesari-pentru-deveni-asistentul-personal-al-unei-persoane-cu-handicap_files\/asistent-personal-pers.jpg","twitter_misc":{"Scris de":"dizabil.eu","Timp estimat pentru citire":"4 minute"},"schema":{"@context":"https:\/\/schema.org","@graph":[{"@type":"WebSite","@id":"https:\/\/www.dizabil.eu\/info\/#website","url":"https:\/\/www.dizabil.eu\/info\/","name":"info.dizabil.eu","description":"site destinat persoanelor cu dizabilitati","potentialAction":[{"@type":"SearchAction","target":{"@type":"EntryPoint","urlTemplate":"https:\/\/www.dizabil.eu\/info\/?s={search_term_string}"},"query-input":"required name=search_term_string"}],"inLanguage":"ro-RO"},{"@type":"WebPage","@id":"https:\/\/www.dizabil.eu\/info\/pasii-necesari-pentru-deveni-asistentul-personal-al-unei-persoane-cu-handicap\/#webpage","url":"https:\/\/www.dizabil.eu\/info\/pasii-necesari-pentru-deveni-asistentul-personal-al-unei-persoane-cu-handicap\/","name":"Pasii necesari pentru a deveni asistentul personal al unei persoane cu handicap - info.dizabil.eu","isPartOf":{"@id":"https:\/\/www.dizabil.eu\/info\/#website"},"primaryImageOfPage":{"@id":"https:\/\/www.dizabil.eu\/info\/pasii-necesari-pentru-deveni-asistentul-personal-al-unei-persoane-cu-handicap\/#primaryimage"},"datePublished":"2019-12-23T09:43:03+00:00","dateModified":"2020-01-11T12:39:07+00:00","author":{"@id":"https:\/\/www.dizabil.eu\/info\/#\/schema\/person\/45a43d786483fdbbf17f59603cdbbf53"},"description":"Dosarul de angajare va cuprinde:a) cererea de angajare;b) copie de pe actul de identitate al persoanei care solicit\u0103 angajarea....","breadcrumb":{"@id":"https:\/\/www.dizabil.eu\/info\/pasii-necesari-pentru-deveni-asistentul-personal-al-unei-persoane-cu-handicap\/#breadcrumb"},"inLanguage":"ro-RO","potentialAction":[{"@type":"ReadAction","target":["https:\/\/www.dizabil.eu\/info\/pasii-necesari-pentru-deveni-asistentul-personal-al-unei-persoane-cu-handicap\/"]}]},{"@type":"BreadcrumbList","@id":"https:\/\/www.dizabil.eu\/info\/pasii-necesari-pentru-deveni-asistentul-personal-al-unei-persoane-cu-handicap\/#breadcrumb","itemListElement":[{"@type":"ListItem","position":1,"name":"Prima pagin\u0103","item":"https:\/\/www.dizabil.eu\/info\/"},{"@type":"ListItem","position":2,"name":"Pasii necesari pentru a deveni asistentul personal al unei persoane cu handicap"}]},{"@type":"Person","@id":"https:\/\/www.dizabil.eu\/info\/#\/schema\/person\/45a43d786483fdbbf17f59603cdbbf53","name":"dizabil.eu","image":{"@type":"ImageObject","@id":"https:\/\/www.dizabil.eu\/info\/#personlogo","inLanguage":"ro-RO","url":"https:\/\/secure.gravatar.com\/avatar\/51be15a827648a4a30b866920625e032?s=96&d=mm&r=g","contentUrl":"https:\/\/secure.gravatar.com\/avatar\/51be15a827648a4a30b866920625e032?s=96&d=mm&r=g","caption":"dizabil.eu"},"url":"https:\/\/www.dizabil.eu\/info\/author\/vasy\/"}]}},"_links":{"self":[{"href":"https:\/\/www.dizabil.eu\/info\/wp-json\/wp\/v2\/posts\/117"}],"collection":[{"href":"https:\/\/www.dizabil.eu\/info\/wp-json\/wp\/v2\/posts"}],"about":[{"href":"https:\/\/www.dizabil.eu\/info\/wp-json\/wp\/v2\/types\/post"}],"author":[{"embeddable":true,"href":"https:\/\/www.dizabil.eu\/info\/wp-json\/wp\/v2\/users\/1"}],"replies":[{"embeddable":true,"href":"https:\/\/www.dizabil.eu\/info\/wp-json\/wp\/v2\/comments?post=117"}],"version-history":[{"count":8,"href":"https:\/\/www.dizabil.eu\/info\/wp-json\/wp\/v2\/posts\/117\/revisions"}],"predecessor-version":[{"id":144,"href":"https:\/\/www.dizabil.eu\/info\/wp-json\/wp\/v2\/posts\/117\/revisions\/144"}],"wp:featuredmedia":[{"embeddable":true,"href":"https:\/\/www.dizabil.eu\/info\/wp-json\/wp\/v2\/media\/119"}],"wp:attachment":[{"href":"https:\/\/www.dizabil.eu\/info\/wp-json\/wp\/v2\/media?parent=117"}],"wp:term":[{"taxonomy":"category","embeddable":true,"href":"https:\/\/www.dizabil.eu\/info\/wp-json\/wp\/v2\/categories?post=117"},{"taxonomy":"post_tag","embeddable":true,"href":"https:\/\/www.dizabil.eu\/info\/wp-json\/wp\/v2\/tags?post=117"}],"curies":[{"name":"wp","href":"https:\/\/api.w.org\/{rel}","templated":true}]}}