{"id":155,"date":"2020-01-15T21:57:45","date_gmt":"2020-01-15T19:57:45","guid":{"rendered":"http:\/\/www.dizabil.eu\/info\/?p=155"},"modified":"2020-01-16T12:45:38","modified_gmt":"2020-01-16T10:45:38","slug":"2020-modelul-legitimatiei-acordate-persoanelor-cu-dizabilitati","status":"publish","type":"post","link":"https:\/\/www.dizabil.eu\/info\/2020-modelul-legitimatiei-acordate-persoanelor-cu-dizabilitati\/","title":{"rendered":"Modelului legitima\u021biei acordate persoanelor cu dizabilit\u0103\u021bi"},"content":{"rendered":"<p><span style=\"color: #003366;\">In data de 14 ianuarie 2020, a fost publicat in Monitorul Oficial ORDINUL nr. 1.830 din 30 decembrie 2019, pentru aprobarea modelului legitima\u021biei acordate persoanelor cu dizabilit\u0103\u021bi, emis de MINISTERUL MUNCII \u0218I PROTEC\u021aIEI SOCIALE, ce prevede urmatoarele:<\/span><\/p>\n<h4><span style=\"color: #ff0000;\">Articolul 1<\/span><\/h4>\n<p>\u00a0 \u00a0 \u00a0 \u00a0 <strong>(1)<\/strong> Legitima\u021bia acordat\u0103 persoanelor cu dizabilit\u0103\u021bi, denumit\u0103 \u00een continuare legitima\u021bia, este documentul oficial folosit \u00een exercitarea drepturilor acordate persoanelor cu dizabilit\u0103\u021bi, de legisla\u021bia \u00een vigoare, pe \u00eentreg teritoriul \u021b\u0103rii.<br \/>\n\u00a0 \u00a0 \u00a0 \u00a0 <strong>(2)<\/strong> Legitima\u021bia este eliberat\u0103 de direc\u021biile generale de asisten\u021b\u0103 social\u0103 \u0219i protec\u021bia copilului jude\u021bene, respectiv ale sectoarelor municipiului Bucure\u0219ti, costurile fiind suportate din bugetul acestora.<\/p>\n<h4><span style=\"color: #ff0000;\">Articolul 2<\/span><\/h4>\n<p>\u00a0 \u00a0 \u00a0 \u00a0 <strong>(1)<\/strong> Legitima\u021bia are dimensiunea 86 x 54 mm \u0219i este tip\u0103rit\u0103 fa\u021b\u0103-verso.<br \/>\n\u00a0 \u00a0 \u00a0 \u00a0 <strong>(2)<\/strong> Pe partea din fa\u021b\u0103, legitima\u021bia con\u021bine urm\u0103toarele elemente, conform <span style=\"color: #339966;\">anexei nr. 1<\/span>:<br \/>\n\u00a0 \u00a0 a) num\u0103rul \u0219i data emiterii format: zz.ll.aaaa;<br \/>\n\u00a0 \u00a0 b) datele de identificare ale persoanei: numele (surname) \u0219i prenumele persoanei (name), codul numeric personal;<br \/>\n\u00a0 \u00a0 c) num\u0103rul documentului care atest\u0103 \u00eencadrarea \u00een grad de handicap;<br \/>\n\u00a0 \u00a0 d) gradul de handicap;<br \/>\n\u00a0 \u00a0 e) termenul de valabilitate (Expiry date);<br \/>\n\u00a0 \u00a0 f) foto tip act de identitate;g) semn\u0103tura \u0219i \u0219tampila emitentului.<br \/>\n\u00a0 \u00a0 \u00a0 \u00a0 <strong>(3<\/strong>) Pe verso, centrat, legitima\u021bia prezint\u0103 urm\u0103toarele \u00eenscrisuri, conform modelului prezentat \u00een anexa nr. 2:<br \/>\n\u00a0 \u00a0 a) emitentul: pe primul r\u00e2nd &#8211; \u201eDIREC\u021aIA GENERAL\u0102 DE ASISTEN\u021a\u0102 SOCIAL\u0102 \u0218I PROTEC\u021aIA COPILULUI\u201c; pe r\u00e2ndul al doilea &#8211; JUDE\u021aUL sau, dup\u0103 caz, sectorul municipiului Bucure\u0219ti;<br \/>\n\u00a0 \u00a0 b) pe r\u00e2ndul al treilea &#8211; \u201eLEGITIMA\u021aIE\u201c; pe r\u00e2ndul al patrulea &#8211; \u201eDISABILITY CARD\u201c;<br \/>\n\u00a0 \u00a0 c) num\u0103rul legitima\u021biei (maximum 5 cifre);<br \/>\n\u00a0 \u00a0 d) \u00een partea de jos: \u201eAceast\u0103 legitima\u021bie \u00eendrept\u0103\u021be\u0219te titularul la drepturile conferite de legisla\u021bia \u00een vigoare.\u201c<br \/>\n\u00a0 \u00a0 \u00a0 \u00a0 \u00a0<strong>(4)<\/strong> Tipul h\u00e2rtiei folosite pentru tip\u0103rirea legitima\u021biei va fi IQ Premium 80 gr.\/mp, de culoare alb\u0103, care con\u021bine filigran de siguran\u021b\u0103, realizat cu polimer transparent care ader\u0103 la fibra h\u00e2rtiei, dispus vertical, cu inscrip\u021bia \u201eDGASPC\u201c, conform modelului din anexa nr. 3.<br \/>\n\u00a0 \u00a0 \u00a0 \u00a0 <strong>\u00a0(5)<\/strong> Dup\u0103 tip\u0103rire, legitima\u021bia se plastifiaz\u0103 \u0219i se elibereaz\u0103 persoanei cu dizabilit\u0103\u021bi.<\/p>\n<h4><span style=\"color: #ff0000;\">Articolul 3<\/span><\/h4>\n<p>\u00a0 \u00a0 \u00a0 \u00a0 <strong>(1)<\/strong> Legitima\u021bia este <strong>nominal\u0103<\/strong>, <strong>netransmisibil\u0103<\/strong> \u0219i cu o<strong> perioad\u0103<\/strong> de valabilitate egal\u0103 cu cea a documentului de \u00eencadrare \u00een grad de handicap.<br \/>\n\u00a0 \u00a0 \u00a0 \u00a0<strong> (2)<\/strong> \u00cen cazul <strong>pierderii<\/strong>, <strong>distrugerii<\/strong> sau <strong>furtului <em>legitima\u021biei<\/em><\/strong>, persoana cu dizabilit\u0103\u021bi va publica pierderea\/distrugerea\/furtul \u00eentr-un cotidian de mare tiraj \u0219i va solicita Direc\u021biei generale de asisten\u021b\u0103 social\u0103 \u0219i protec\u021bia copilului (DGASPC) eliberarea altei legitima\u021bii.<br \/>\n\u00a0 \u00a0 \u00a0 \u00a0 <em><strong><span style=\"color: #3366ff;\">(<\/span><span style=\"color: #808080;\">3<\/span><span style=\"color: #3366ff;\">)<\/span><\/strong><\/em> Eliberarea altei legitima\u021bii de c\u0103tre DGASPC se realizeaz\u0103 \u00een baza <strong>cererii<\/strong> scrise a persoanei cu dizabilit\u0103\u021bi.<br \/>\n\u00a0 \u00a0 \u00a0 \u00a0 <strong>(4)<\/strong> Cererea prev\u0103zut\u0103 la<strong> <em>alin. <span style=\"color: #3366ff;\">(<span style=\"color: #808080;\">3<\/span>)<\/span><\/em><\/strong> se depune la DGASPC \u0219i va fi \u00eenso\u021bit\u0103 de o copie a cotidianului \u00een care s-a publicat declararea pierderii\/distrugerii\/furtului legitima\u021biei.<\/p>\n<h4><span style=\"color: #ff0000;\">Articolul 4<\/span><\/h4>\n<p>Anexele nr. 1-3 fac parte integrant\u0103 din prezentul model.Anexa nr. 1*)la modelul legitima\u021biei^*) Modelul legitima\u021biei este reprodus \u00een facsimil.<br \/>\nModel fa\u021b\u0103 legitima\u021bie<\/p>\n<div class=\"su-row\"> <div class=\"su-column su-column-size-1-2\"><div class=\"su-column-inner su-u-clearfix su-u-trim\">\n<p>&nbsp;<\/p>\n<h4 style=\"text-align: center;\"><span style=\"color: #339966;\"><strong>Anexa nr. 1*)<\/strong><\/span><\/h4>\n<p style=\"text-align: center;\"><strong><em>Model fa\u021b\u0103 legitima\u021bie<\/em><\/strong><\/p>\n<p style=\"text-align: center;\"><img loading=\"lazy\" class=\"aligncenter wp-image-162\" src=\"http:\/\/www.dizabil.eu\/info\/wp-content\/uploads\/2020\/01\/2020-Legitimatie-Handicap-1.jpg\" alt=\"2020 Legitimatie Handicap fata\" width=\"371\" height=\"231\" \/><\/p>\n<p><strong><em>NOT\u0102:<\/em><\/strong><br \/>\n<em>Se utilizeaz\u0103 urm\u0103toarele dimensiuni ale fonturilor:\u2013 pentru fontul general: Arial 7;\u2013 pentru complet\u0103rile marcate cu X, respectiv: zz.ll.aaaa: Arial 12;\u2013 pentru \u201eLEGITIMA\u021aIE, DISABILITY CARD\u201c \u0219i \u201eRO\u201c: Arial 13 bold.<\/em> <\/div><\/div>\u00a0 <div class=\"su-column su-column-size-1-2\"><div class=\"su-column-inner su-u-clearfix su-u-trim\">\n<h4 style=\"text-align: center;\"><span style=\"color: #339966;\"><strong>Anexa nr. 2*)<\/strong><\/span><\/h4>\n<p style=\"text-align: center;\"><em><strong>Model verso legitima\u021bie<\/strong> <\/em><\/p>\n<p style=\"text-align: center;\"><img loading=\"lazy\" class=\"aligncenter wp-image-163\" src=\"http:\/\/www.dizabil.eu\/info\/wp-content\/uploads\/2020\/01\/2020-Legitimatie-Handicap-2.jpg\" alt=\"2020 Legitimatie Handicap spate\" width=\"371\" height=\"231\" \/><\/p>\n<p><strong><em>NOT\u0102:<\/em><\/strong><br \/>\nSe utilizeaz\u0103 urm\u0103toarele dimensiuni ale fonturilor:\u2013 pentru \u201eDIREC\u021aIA GENERAL\u0102 DE ASISTEN\u021a\u0102 SOCIAL\u0102 \u0218I PROTEC\u021aIA COPILULUI\u201c, \u201eJUDE\u021aUL\/SECTORUL X &#8211; BUCURE\u0218TI\u201c: Arial 12;\u2013 pentru \u201eLEGITIMA\u021aIE\u201c \u0219i \u201eDISABILITY CARD\u201c: Arial 13 bold;\u2013 pentru \u201eNr.: XXXXX\u201c: Arial 12;\u2013 pentru \u201eAceast\u0103 legitima\u021bie<\/div><\/div>\n<\/div>\n<p style=\"text-align: right;\"><em>sursa: Monitorul Oficial<\/em><\/p>\n","protected":false},"excerpt":{"rendered":"<p>NOUA LEGITIMATIE pentru PERSOANE cu HANCAP &#8211; Noul model al legitima\u021biei acordate persoanelor cu dizabilit\u0103\u021bi a intrat in vigoare din luna ianuarie 2020<\/p>\n","protected":false},"author":1,"featured_media":208,"comment_status":"closed","ping_status":"open","sticky":false,"template":"","format":"standard","meta":{"cybocfi_hide_featured_image":"yes"},"categories":[2],"tags":[42,40,41,43],"yoast_head":"<!-- This site is optimized with the Yoast SEO plugin v18.0 - https:\/\/yoast.com\/wordpress\/plugins\/seo\/ -->\n<title>Modelului legitima\u021biei acordate persoanelor cu dizabilit\u0103\u021bi - info.dizabil.eu<\/title>\n<meta name=\"description\" content=\"NOUA LEGITIMATIE pentru PERSOANE cu HANCAP - Noul model al legitima\u021biei acordate persoanelor cu dizabilit\u0103\u021bi a intrat in vigoare din luna ianuarie 2020\" \/>\n<meta name=\"robots\" content=\"index, follow, max-snippet:-1, max-image-preview:large, max-video-preview:-1\" \/>\n<link rel=\"canonical\" href=\"https:\/\/www.dizabil.eu\/info\/2020-modelul-legitimatiei-acordate-persoanelor-cu-dizabilitati\/\" \/>\n<meta property=\"og:locale\" content=\"ro_RO\" \/>\n<meta property=\"og:type\" content=\"article\" \/>\n<meta property=\"og:title\" content=\"Modelului legitima\u021biei acordate persoanelor cu dizabilit\u0103\u021bi - info.dizabil.eu\" \/>\n<meta property=\"og:description\" content=\"NOUA LEGITIMATIE pentru PERSOANE cu HANCAP - Noul model al legitima\u021biei acordate persoanelor cu dizabilit\u0103\u021bi a intrat in vigoare din luna ianuarie 2020\" \/>\n<meta property=\"og:url\" content=\"https:\/\/www.dizabil.eu\/info\/2020-modelul-legitimatiei-acordate-persoanelor-cu-dizabilitati\/\" \/>\n<meta property=\"og:site_name\" content=\"info.dizabil.eu\" \/>\n<meta property=\"article:published_time\" content=\"2020-01-15T19:57:45+00:00\" \/>\n<meta property=\"article:modified_time\" content=\"2020-01-16T10:45:38+00:00\" \/>\n<meta property=\"og:image\" content=\"http:\/\/www.dizabil.eu\/info\/wp-content\/uploads\/2020\/01\/2020-Legitimatie-Handicap-1.jpg\" \/>\n<meta name=\"twitter:card\" content=\"summary_large_image\" \/>\n<meta name=\"twitter:image\" content=\"http:\/\/www.dizabil.eu\/info\/wp-content\/uploads\/2020\/01\/2020-Legitimatie-Handicap-1.jpg\" \/>\n<meta name=\"twitter:label1\" content=\"Scris de\" \/>\n\t<meta name=\"twitter:data1\" content=\"dizabil.eu\" \/>\n\t<meta name=\"twitter:label2\" content=\"Timp estimat pentru citire\" \/>\n\t<meta name=\"twitter:data2\" content=\"3 minute\" \/>\n<script type=\"application\/ld+json\" class=\"yoast-schema-graph\">{\"@context\":\"https:\/\/schema.org\",\"@graph\":[{\"@type\":\"WebSite\",\"@id\":\"https:\/\/www.dizabil.eu\/info\/#website\",\"url\":\"https:\/\/www.dizabil.eu\/info\/\",\"name\":\"info.dizabil.eu\",\"description\":\"site destinat persoanelor cu dizabilitati\",\"potentialAction\":[{\"@type\":\"SearchAction\",\"target\":{\"@type\":\"EntryPoint\",\"urlTemplate\":\"https:\/\/www.dizabil.eu\/info\/?s={search_term_string}\"},\"query-input\":\"required name=search_term_string\"}],\"inLanguage\":\"ro-RO\"},{\"@type\":\"WebPage\",\"@id\":\"https:\/\/www.dizabil.eu\/info\/2020-modelul-legitimatiei-acordate-persoanelor-cu-dizabilitati\/#webpage\",\"url\":\"https:\/\/www.dizabil.eu\/info\/2020-modelul-legitimatiei-acordate-persoanelor-cu-dizabilitati\/\",\"name\":\"Modelului legitima\u021biei acordate persoanelor cu dizabilit\u0103\u021bi - info.dizabil.eu\",\"isPartOf\":{\"@id\":\"https:\/\/www.dizabil.eu\/info\/#website\"},\"primaryImageOfPage\":{\"@id\":\"https:\/\/www.dizabil.eu\/info\/2020-modelul-legitimatiei-acordate-persoanelor-cu-dizabilitati\/#primaryimage\"},\"datePublished\":\"2020-01-15T19:57:45+00:00\",\"dateModified\":\"2020-01-16T10:45:38+00:00\",\"author\":{\"@id\":\"https:\/\/www.dizabil.eu\/info\/#\/schema\/person\/45a43d786483fdbbf17f59603cdbbf53\"},\"description\":\"NOUA LEGITIMATIE pentru PERSOANE cu HANCAP - Noul model al legitima\u021biei acordate persoanelor cu dizabilit\u0103\u021bi a intrat in vigoare din luna ianuarie 2020\",\"breadcrumb\":{\"@id\":\"https:\/\/www.dizabil.eu\/info\/2020-modelul-legitimatiei-acordate-persoanelor-cu-dizabilitati\/#breadcrumb\"},\"inLanguage\":\"ro-RO\",\"potentialAction\":[{\"@type\":\"ReadAction\",\"target\":[\"https:\/\/www.dizabil.eu\/info\/2020-modelul-legitimatiei-acordate-persoanelor-cu-dizabilitati\/\"]}]},{\"@type\":\"BreadcrumbList\",\"@id\":\"https:\/\/www.dizabil.eu\/info\/2020-modelul-legitimatiei-acordate-persoanelor-cu-dizabilitati\/#breadcrumb\",\"itemListElement\":[{\"@type\":\"ListItem\",\"position\":1,\"name\":\"Prima pagin\u0103\",\"item\":\"https:\/\/www.dizabil.eu\/info\/\"},{\"@type\":\"ListItem\",\"position\":2,\"name\":\"Modelului legitima\u021biei acordate persoanelor cu dizabilit\u0103\u021bi\"}]},{\"@type\":\"Person\",\"@id\":\"https:\/\/www.dizabil.eu\/info\/#\/schema\/person\/45a43d786483fdbbf17f59603cdbbf53\",\"name\":\"dizabil.eu\",\"image\":{\"@type\":\"ImageObject\",\"@id\":\"https:\/\/www.dizabil.eu\/info\/#personlogo\",\"inLanguage\":\"ro-RO\",\"url\":\"https:\/\/secure.gravatar.com\/avatar\/51be15a827648a4a30b866920625e032?s=96&d=mm&r=g\",\"contentUrl\":\"https:\/\/secure.gravatar.com\/avatar\/51be15a827648a4a30b866920625e032?s=96&d=mm&r=g\",\"caption\":\"dizabil.eu\"},\"url\":\"https:\/\/www.dizabil.eu\/info\/author\/vasy\/\"}]}<\/script>\n<!-- \/ Yoast SEO plugin. -->","yoast_head_json":{"title":"Modelului legitima\u021biei acordate persoanelor cu dizabilit\u0103\u021bi - info.dizabil.eu","description":"NOUA LEGITIMATIE pentru PERSOANE cu HANCAP - Noul model al legitima\u021biei acordate persoanelor cu dizabilit\u0103\u021bi a intrat in vigoare din luna ianuarie 2020","robots":{"index":"index","follow":"follow","max-snippet":"max-snippet:-1","max-image-preview":"max-image-preview:large","max-video-preview":"max-video-preview:-1"},"canonical":"https:\/\/www.dizabil.eu\/info\/2020-modelul-legitimatiei-acordate-persoanelor-cu-dizabilitati\/","og_locale":"ro_RO","og_type":"article","og_title":"Modelului legitima\u021biei acordate persoanelor cu dizabilit\u0103\u021bi - info.dizabil.eu","og_description":"NOUA LEGITIMATIE pentru PERSOANE cu HANCAP - Noul model al legitima\u021biei acordate persoanelor cu dizabilit\u0103\u021bi a intrat in vigoare din luna ianuarie 2020","og_url":"https:\/\/www.dizabil.eu\/info\/2020-modelul-legitimatiei-acordate-persoanelor-cu-dizabilitati\/","og_site_name":"info.dizabil.eu","article_published_time":"2020-01-15T19:57:45+00:00","article_modified_time":"2020-01-16T10:45:38+00:00","og_image":[{"url":"http:\/\/www.dizabil.eu\/info\/wp-content\/uploads\/2020\/01\/2020-Legitimatie-Handicap-1.jpg"}],"twitter_card":"summary_large_image","twitter_image":"http:\/\/www.dizabil.eu\/info\/wp-content\/uploads\/2020\/01\/2020-Legitimatie-Handicap-1.jpg","twitter_misc":{"Scris de":"dizabil.eu","Timp estimat pentru citire":"3 minute"},"schema":{"@context":"https:\/\/schema.org","@graph":[{"@type":"WebSite","@id":"https:\/\/www.dizabil.eu\/info\/#website","url":"https:\/\/www.dizabil.eu\/info\/","name":"info.dizabil.eu","description":"site destinat persoanelor cu dizabilitati","potentialAction":[{"@type":"SearchAction","target":{"@type":"EntryPoint","urlTemplate":"https:\/\/www.dizabil.eu\/info\/?s={search_term_string}"},"query-input":"required name=search_term_string"}],"inLanguage":"ro-RO"},{"@type":"WebPage","@id":"https:\/\/www.dizabil.eu\/info\/2020-modelul-legitimatiei-acordate-persoanelor-cu-dizabilitati\/#webpage","url":"https:\/\/www.dizabil.eu\/info\/2020-modelul-legitimatiei-acordate-persoanelor-cu-dizabilitati\/","name":"Modelului legitima\u021biei acordate persoanelor cu dizabilit\u0103\u021bi - info.dizabil.eu","isPartOf":{"@id":"https:\/\/www.dizabil.eu\/info\/#website"},"primaryImageOfPage":{"@id":"https:\/\/www.dizabil.eu\/info\/2020-modelul-legitimatiei-acordate-persoanelor-cu-dizabilitati\/#primaryimage"},"datePublished":"2020-01-15T19:57:45+00:00","dateModified":"2020-01-16T10:45:38+00:00","author":{"@id":"https:\/\/www.dizabil.eu\/info\/#\/schema\/person\/45a43d786483fdbbf17f59603cdbbf53"},"description":"NOUA LEGITIMATIE pentru PERSOANE cu HANCAP - Noul model al legitima\u021biei acordate persoanelor cu dizabilit\u0103\u021bi a intrat in vigoare din luna ianuarie 2020","breadcrumb":{"@id":"https:\/\/www.dizabil.eu\/info\/2020-modelul-legitimatiei-acordate-persoanelor-cu-dizabilitati\/#breadcrumb"},"inLanguage":"ro-RO","potentialAction":[{"@type":"ReadAction","target":["https:\/\/www.dizabil.eu\/info\/2020-modelul-legitimatiei-acordate-persoanelor-cu-dizabilitati\/"]}]},{"@type":"BreadcrumbList","@id":"https:\/\/www.dizabil.eu\/info\/2020-modelul-legitimatiei-acordate-persoanelor-cu-dizabilitati\/#breadcrumb","itemListElement":[{"@type":"ListItem","position":1,"name":"Prima pagin\u0103","item":"https:\/\/www.dizabil.eu\/info\/"},{"@type":"ListItem","position":2,"name":"Modelului legitima\u021biei acordate persoanelor cu dizabilit\u0103\u021bi"}]},{"@type":"Person","@id":"https:\/\/www.dizabil.eu\/info\/#\/schema\/person\/45a43d786483fdbbf17f59603cdbbf53","name":"dizabil.eu","image":{"@type":"ImageObject","@id":"https:\/\/www.dizabil.eu\/info\/#personlogo","inLanguage":"ro-RO","url":"https:\/\/secure.gravatar.com\/avatar\/51be15a827648a4a30b866920625e032?s=96&d=mm&r=g","contentUrl":"https:\/\/secure.gravatar.com\/avatar\/51be15a827648a4a30b866920625e032?s=96&d=mm&r=g","caption":"dizabil.eu"},"url":"https:\/\/www.dizabil.eu\/info\/author\/vasy\/"}]}},"_links":{"self":[{"href":"https:\/\/www.dizabil.eu\/info\/wp-json\/wp\/v2\/posts\/155"}],"collection":[{"href":"https:\/\/www.dizabil.eu\/info\/wp-json\/wp\/v2\/posts"}],"about":[{"href":"https:\/\/www.dizabil.eu\/info\/wp-json\/wp\/v2\/types\/post"}],"author":[{"embeddable":true,"href":"https:\/\/www.dizabil.eu\/info\/wp-json\/wp\/v2\/users\/1"}],"replies":[{"embeddable":true,"href":"https:\/\/www.dizabil.eu\/info\/wp-json\/wp\/v2\/comments?post=155"}],"version-history":[{"count":45,"href":"https:\/\/www.dizabil.eu\/info\/wp-json\/wp\/v2\/posts\/155\/revisions"}],"predecessor-version":[{"id":211,"href":"https:\/\/www.dizabil.eu\/info\/wp-json\/wp\/v2\/posts\/155\/revisions\/211"}],"wp:featuredmedia":[{"embeddable":true,"href":"https:\/\/www.dizabil.eu\/info\/wp-json\/wp\/v2\/media\/208"}],"wp:attachment":[{"href":"https:\/\/www.dizabil.eu\/info\/wp-json\/wp\/v2\/media?parent=155"}],"wp:term":[{"taxonomy":"category","embeddable":true,"href":"https:\/\/www.dizabil.eu\/info\/wp-json\/wp\/v2\/categories?post=155"},{"taxonomy":"post_tag","embeddable":true,"href":"https:\/\/www.dizabil.eu\/info\/wp-json\/wp\/v2\/tags?post=155"}],"curies":[{"name":"wp","href":"https:\/\/api.w.org\/{rel}","templated":true}]}}