{"id":553,"date":"2022-11-25T21:25:22","date_gmt":"2022-11-25T19:25:22","guid":{"rendered":"http:\/\/www.dizabil.eu\/info\/?p=553"},"modified":"2022-12-02T22:31:41","modified_gmt":"2022-12-02T20:31:41","slug":"drepturile-persoanelor-cu-dizabilitati","status":"publish","type":"post","link":"https:\/\/www.dizabil.eu\/info\/drepturile-persoanelor-cu-dizabilitati\/","title":{"rendered":"Drepturile Persoanelor cu Dizabilit\u0103\u021bi"},"content":{"rendered":"<p><a href=\"http:\/\/www.dizabil.eu\/info\/wp-content\/uploads\/2022\/11\/DizAbil.eu-DGASPC-2022.jpg\"><img loading=\"lazy\" class=\"alignnone size-full wp-image-557\" src=\"http:\/\/www.dizabil.eu\/info\/wp-content\/uploads\/2022\/11\/DizAbil.eu-DGASPC-2022.jpg\" alt=\"\" width=\"2500\" height=\"1667\" srcset=\"https:\/\/www.dizabil.eu\/info\/wp-content\/uploads\/2022\/11\/DizAbil.eu-DGASPC-2022.jpg 2500w, https:\/\/www.dizabil.eu\/info\/wp-content\/uploads\/2022\/11\/DizAbil.eu-DGASPC-2022-300x200.jpg 300w, https:\/\/www.dizabil.eu\/info\/wp-content\/uploads\/2022\/11\/DizAbil.eu-DGASPC-2022-1024x683.jpg 1024w, https:\/\/www.dizabil.eu\/info\/wp-content\/uploads\/2022\/11\/DizAbil.eu-DGASPC-2022-768x512.jpg 768w, https:\/\/www.dizabil.eu\/info\/wp-content\/uploads\/2022\/11\/DizAbil.eu-DGASPC-2022-1536x1024.jpg 1536w, https:\/\/www.dizabil.eu\/info\/wp-content\/uploads\/2022\/11\/DizAbil.eu-DGASPC-2022-2048x1366.jpg 2048w\" sizes=\"(max-width: 2500px) 100vw, 2500px\" \/><\/a>Persoanele cu handicap sunt acele persoane c\u0103rora mediul social, neadaptat deficien\u021belor lor fizice, senzoriale, psihice, mentale \u0219i\/sau asociate, le \u00eempiedic\u0103 total sau le limiteaz\u0103 accesul cu \u0219anse egale la via\u021ba societ\u0103\u021bii, necesit\u00e2nd m\u0103suri de protec\u021bie \u00een sprijinul integr\u0103rii \u0219i incluziunii sociale.<\/p>\n<p>Drepturile persoanelor cu handicap<br \/>\nPersoanele cu handicap beneficiaz\u0103 de drepturi la:<br \/>\na) ocrotirea s\u0103n\u0103t\u0103\u021bii &#8211; prevenire, tratament si recuperare;<br \/>\nb) educa\u021bie \u0219i formare profesional\u0103;<br \/>\nc) ocuparea \u0219i adaptarea locului de munc\u0103, orientare \u0219i reconversie profesional\u0103;<br \/>\nd) asisten\u021b\u0103 social\u0103, respectiv servicii sociale \u0219i presta\u021bii sociale;<br \/>\ne) locuin\u021b\u0103, amenajarea mediului de via\u021b\u0103 personal ambiant, transport, acces la mediul fizic, informa\u021bional \u0219i comunica\u021bional;<br \/>\nf) petrecerea timpului liber, acces la cultur\u0103, sport, turism;<br \/>\ng) asisten\u021b\u0103 juridic\u0103;<br \/>\nh) facilit\u0103\u021bi fiscale;<br \/>\ni) evaluare \u0219i reevaluare prin examinarea la domiciliu a persoanelor nedeplasabile de c\u0103tre membrii comisiei de evaluare, la un interval de doi ani.<\/p>\n","protected":false},"excerpt":{"rendered":"<p>Persoanele cu handicap sunt acele persoane c\u0103rora mediul social, neadaptat deficien\u021belor lor fizice, senzoriale, psihice, mentale \u0219i\/sau asociate, le \u00eempiedic\u0103 total sau le limiteaz\u0103 accesul cu \u0219anse egale la via\u021ba societ\u0103\u021bii, necesit\u00e2nd m\u0103suri de protec\u021bie \u00een sprijinul integr\u0103rii \u0219i incluziunii sociale. Drepturile persoanelor cu handicap Persoanele cu handicap beneficiaz\u0103 de drepturi la: a) ocrotirea s\u0103n\u0103t\u0103\u021bii [&hellip;]<\/p>\n","protected":false},"author":1,"featured_media":557,"comment_status":"closed","ping_status":"open","sticky":false,"template":"","format":"standard","meta":{"cybocfi_hide_featured_image":"yes"},"categories":[97],"tags":[],"yoast_head":"<!-- This site is optimized with the Yoast SEO plugin v18.0 - https:\/\/yoast.com\/wordpress\/plugins\/seo\/ -->\n<title>Drepturile Persoanelor cu Dizabilit\u0103\u021bi - info.dizabil.eu<\/title>\n<meta name=\"robots\" content=\"index, follow, max-snippet:-1, max-image-preview:large, max-video-preview:-1\" \/>\n<link rel=\"canonical\" href=\"https:\/\/www.dizabil.eu\/info\/drepturile-persoanelor-cu-dizabilitati\/\" \/>\n<meta property=\"og:locale\" content=\"ro_RO\" \/>\n<meta property=\"og:type\" content=\"article\" \/>\n<meta property=\"og:title\" content=\"Drepturile Persoanelor cu Dizabilit\u0103\u021bi - info.dizabil.eu\" \/>\n<meta property=\"og:description\" content=\"Persoanele cu handicap sunt acele persoane c\u0103rora mediul social, neadaptat deficien\u021belor lor fizice, senzoriale, psihice, mentale \u0219i\/sau asociate, le \u00eempiedic\u0103 total sau le limiteaz\u0103 accesul cu \u0219anse egale la via\u021ba societ\u0103\u021bii, necesit\u00e2nd m\u0103suri de protec\u021bie \u00een sprijinul integr\u0103rii \u0219i incluziunii sociale. Drepturile persoanelor cu handicap Persoanele cu handicap beneficiaz\u0103 de drepturi la: a) ocrotirea s\u0103n\u0103t\u0103\u021bii [&hellip;]\" \/>\n<meta property=\"og:url\" content=\"https:\/\/www.dizabil.eu\/info\/drepturile-persoanelor-cu-dizabilitati\/\" \/>\n<meta property=\"og:site_name\" content=\"info.dizabil.eu\" \/>\n<meta property=\"article:published_time\" content=\"2022-11-25T19:25:22+00:00\" \/>\n<meta property=\"article:modified_time\" content=\"2022-12-02T20:31:41+00:00\" \/>\n<meta property=\"og:image\" content=\"https:\/\/www.dizabil.eu\/info\/wp-content\/uploads\/2022\/11\/DizAbil.eu-DGASPC-2022.jpg\" \/>\n\t<meta property=\"og:image:width\" content=\"2500\" \/>\n\t<meta property=\"og:image:height\" content=\"1667\" \/>\n\t<meta property=\"og:image:type\" content=\"image\/jpeg\" \/>\n<meta name=\"twitter:card\" content=\"summary_large_image\" \/>\n<meta name=\"twitter:label1\" content=\"Scris de\" \/>\n\t<meta name=\"twitter:data1\" content=\"dizabil.eu\" \/>\n\t<meta name=\"twitter:label2\" content=\"Timp estimat pentru citire\" \/>\n\t<meta name=\"twitter:data2\" content=\"1 minut\" \/>\n<script type=\"application\/ld+json\" class=\"yoast-schema-graph\">{\"@context\":\"https:\/\/schema.org\",\"@graph\":[{\"@type\":\"WebSite\",\"@id\":\"https:\/\/www.dizabil.eu\/info\/#website\",\"url\":\"https:\/\/www.dizabil.eu\/info\/\",\"name\":\"info.dizabil.eu\",\"description\":\"site destinat persoanelor cu dizabilitati\",\"potentialAction\":[{\"@type\":\"SearchAction\",\"target\":{\"@type\":\"EntryPoint\",\"urlTemplate\":\"https:\/\/www.dizabil.eu\/info\/?s={search_term_string}\"},\"query-input\":\"required name=search_term_string\"}],\"inLanguage\":\"ro-RO\"},{\"@type\":\"WebPage\",\"@id\":\"https:\/\/www.dizabil.eu\/info\/drepturile-persoanelor-cu-dizabilitati\/#webpage\",\"url\":\"https:\/\/www.dizabil.eu\/info\/drepturile-persoanelor-cu-dizabilitati\/\",\"name\":\"Drepturile Persoanelor cu Dizabilit\u0103\u021bi - info.dizabil.eu\",\"isPartOf\":{\"@id\":\"https:\/\/www.dizabil.eu\/info\/#website\"},\"primaryImageOfPage\":{\"@id\":\"https:\/\/www.dizabil.eu\/info\/drepturile-persoanelor-cu-dizabilitati\/#primaryimage\"},\"datePublished\":\"2022-11-25T19:25:22+00:00\",\"dateModified\":\"2022-12-02T20:31:41+00:00\",\"author\":{\"@id\":\"https:\/\/www.dizabil.eu\/info\/#\/schema\/person\/45a43d786483fdbbf17f59603cdbbf53\"},\"breadcrumb\":{\"@id\":\"https:\/\/www.dizabil.eu\/info\/drepturile-persoanelor-cu-dizabilitati\/#breadcrumb\"},\"inLanguage\":\"ro-RO\",\"potentialAction\":[{\"@type\":\"ReadAction\",\"target\":[\"https:\/\/www.dizabil.eu\/info\/drepturile-persoanelor-cu-dizabilitati\/\"]}]},{\"@type\":\"BreadcrumbList\",\"@id\":\"https:\/\/www.dizabil.eu\/info\/drepturile-persoanelor-cu-dizabilitati\/#breadcrumb\",\"itemListElement\":[{\"@type\":\"ListItem\",\"position\":1,\"name\":\"Prima pagin\u0103\",\"item\":\"https:\/\/www.dizabil.eu\/info\/\"},{\"@type\":\"ListItem\",\"position\":2,\"name\":\"Drepturile Persoanelor cu Dizabilit\u0103\u021bi\"}]},{\"@type\":\"Person\",\"@id\":\"https:\/\/www.dizabil.eu\/info\/#\/schema\/person\/45a43d786483fdbbf17f59603cdbbf53\",\"name\":\"dizabil.eu\",\"image\":{\"@type\":\"ImageObject\",\"@id\":\"https:\/\/www.dizabil.eu\/info\/#personlogo\",\"inLanguage\":\"ro-RO\",\"url\":\"https:\/\/secure.gravatar.com\/avatar\/51be15a827648a4a30b866920625e032?s=96&d=mm&r=g\",\"contentUrl\":\"https:\/\/secure.gravatar.com\/avatar\/51be15a827648a4a30b866920625e032?s=96&d=mm&r=g\",\"caption\":\"dizabil.eu\"},\"url\":\"https:\/\/www.dizabil.eu\/info\/author\/vasy\/\"}]}<\/script>\n<!-- \/ Yoast SEO plugin. -->","yoast_head_json":{"title":"Drepturile Persoanelor cu Dizabilit\u0103\u021bi - info.dizabil.eu","robots":{"index":"index","follow":"follow","max-snippet":"max-snippet:-1","max-image-preview":"max-image-preview:large","max-video-preview":"max-video-preview:-1"},"canonical":"https:\/\/www.dizabil.eu\/info\/drepturile-persoanelor-cu-dizabilitati\/","og_locale":"ro_RO","og_type":"article","og_title":"Drepturile Persoanelor cu Dizabilit\u0103\u021bi - info.dizabil.eu","og_description":"Persoanele cu handicap sunt acele persoane c\u0103rora mediul social, neadaptat deficien\u021belor lor fizice, senzoriale, psihice, mentale \u0219i\/sau asociate, le \u00eempiedic\u0103 total sau le limiteaz\u0103 accesul cu \u0219anse egale la via\u021ba societ\u0103\u021bii, necesit\u00e2nd m\u0103suri de protec\u021bie \u00een sprijinul integr\u0103rii \u0219i incluziunii sociale. Drepturile persoanelor cu handicap Persoanele cu handicap beneficiaz\u0103 de drepturi la: a) ocrotirea s\u0103n\u0103t\u0103\u021bii [&hellip;]","og_url":"https:\/\/www.dizabil.eu\/info\/drepturile-persoanelor-cu-dizabilitati\/","og_site_name":"info.dizabil.eu","article_published_time":"2022-11-25T19:25:22+00:00","article_modified_time":"2022-12-02T20:31:41+00:00","og_image":[{"width":2500,"height":1667,"url":"https:\/\/www.dizabil.eu\/info\/wp-content\/uploads\/2022\/11\/DizAbil.eu-DGASPC-2022.jpg","type":"image\/jpeg"}],"twitter_card":"summary_large_image","twitter_misc":{"Scris de":"dizabil.eu","Timp estimat pentru citire":"1 minut"},"schema":{"@context":"https:\/\/schema.org","@graph":[{"@type":"WebSite","@id":"https:\/\/www.dizabil.eu\/info\/#website","url":"https:\/\/www.dizabil.eu\/info\/","name":"info.dizabil.eu","description":"site destinat persoanelor cu dizabilitati","potentialAction":[{"@type":"SearchAction","target":{"@type":"EntryPoint","urlTemplate":"https:\/\/www.dizabil.eu\/info\/?s={search_term_string}"},"query-input":"required name=search_term_string"}],"inLanguage":"ro-RO"},{"@type":"WebPage","@id":"https:\/\/www.dizabil.eu\/info\/drepturile-persoanelor-cu-dizabilitati\/#webpage","url":"https:\/\/www.dizabil.eu\/info\/drepturile-persoanelor-cu-dizabilitati\/","name":"Drepturile Persoanelor cu Dizabilit\u0103\u021bi - info.dizabil.eu","isPartOf":{"@id":"https:\/\/www.dizabil.eu\/info\/#website"},"primaryImageOfPage":{"@id":"https:\/\/www.dizabil.eu\/info\/drepturile-persoanelor-cu-dizabilitati\/#primaryimage"},"datePublished":"2022-11-25T19:25:22+00:00","dateModified":"2022-12-02T20:31:41+00:00","author":{"@id":"https:\/\/www.dizabil.eu\/info\/#\/schema\/person\/45a43d786483fdbbf17f59603cdbbf53"},"breadcrumb":{"@id":"https:\/\/www.dizabil.eu\/info\/drepturile-persoanelor-cu-dizabilitati\/#breadcrumb"},"inLanguage":"ro-RO","potentialAction":[{"@type":"ReadAction","target":["https:\/\/www.dizabil.eu\/info\/drepturile-persoanelor-cu-dizabilitati\/"]}]},{"@type":"BreadcrumbList","@id":"https:\/\/www.dizabil.eu\/info\/drepturile-persoanelor-cu-dizabilitati\/#breadcrumb","itemListElement":[{"@type":"ListItem","position":1,"name":"Prima pagin\u0103","item":"https:\/\/www.dizabil.eu\/info\/"},{"@type":"ListItem","position":2,"name":"Drepturile Persoanelor cu Dizabilit\u0103\u021bi"}]},{"@type":"Person","@id":"https:\/\/www.dizabil.eu\/info\/#\/schema\/person\/45a43d786483fdbbf17f59603cdbbf53","name":"dizabil.eu","image":{"@type":"ImageObject","@id":"https:\/\/www.dizabil.eu\/info\/#personlogo","inLanguage":"ro-RO","url":"https:\/\/secure.gravatar.com\/avatar\/51be15a827648a4a30b866920625e032?s=96&d=mm&r=g","contentUrl":"https:\/\/secure.gravatar.com\/avatar\/51be15a827648a4a30b866920625e032?s=96&d=mm&r=g","caption":"dizabil.eu"},"url":"https:\/\/www.dizabil.eu\/info\/author\/vasy\/"}]}},"_links":{"self":[{"href":"https:\/\/www.dizabil.eu\/info\/wp-json\/wp\/v2\/posts\/553"}],"collection":[{"href":"https:\/\/www.dizabil.eu\/info\/wp-json\/wp\/v2\/posts"}],"about":[{"href":"https:\/\/www.dizabil.eu\/info\/wp-json\/wp\/v2\/types\/post"}],"author":[{"embeddable":true,"href":"https:\/\/www.dizabil.eu\/info\/wp-json\/wp\/v2\/users\/1"}],"replies":[{"embeddable":true,"href":"https:\/\/www.dizabil.eu\/info\/wp-json\/wp\/v2\/comments?post=553"}],"version-history":[{"count":2,"href":"https:\/\/www.dizabil.eu\/info\/wp-json\/wp\/v2\/posts\/553\/revisions"}],"predecessor-version":[{"id":558,"href":"https:\/\/www.dizabil.eu\/info\/wp-json\/wp\/v2\/posts\/553\/revisions\/558"}],"wp:featuredmedia":[{"embeddable":true,"href":"https:\/\/www.dizabil.eu\/info\/wp-json\/wp\/v2\/media\/557"}],"wp:attachment":[{"href":"https:\/\/www.dizabil.eu\/info\/wp-json\/wp\/v2\/media?parent=553"}],"wp:term":[{"taxonomy":"category","embeddable":true,"href":"https:\/\/www.dizabil.eu\/info\/wp-json\/wp\/v2\/categories?post=553"},{"taxonomy":"post_tag","embeddable":true,"href":"https:\/\/www.dizabil.eu\/info\/wp-json\/wp\/v2\/tags?post=553"}],"curies":[{"name":"wp","href":"https:\/\/api.w.org\/{rel}","templated":true}]}}