{"id":575,"date":"2022-11-26T16:35:09","date_gmt":"2022-11-26T14:35:09","guid":{"rendered":"http:\/\/www.dizabil.eu\/info\/?p=575"},"modified":"2022-12-03T10:26:47","modified_gmt":"2022-12-03T08:26:47","slug":"locuinta","status":"publish","type":"post","link":"https:\/\/www.dizabil.eu\/info\/locuinta\/","title":{"rendered":"Locuin\u021b\u0103"},"content":{"rendered":"<p><a href=\"http:\/\/www.dizabil.eu\/info\/wp-content\/uploads\/2022\/11\/DizAbil.eu-1.jpg\"><img loading=\"lazy\" class=\"alignnone size-large wp-image-576\" src=\"http:\/\/www.dizabil.eu\/info\/wp-content\/uploads\/2022\/11\/DizAbil.eu-1-1024x683.jpg\" alt=\"\" width=\"1024\" height=\"683\" srcset=\"https:\/\/www.dizabil.eu\/info\/wp-content\/uploads\/2022\/11\/DizAbil.eu-1-1024x683.jpg 1024w, https:\/\/www.dizabil.eu\/info\/wp-content\/uploads\/2022\/11\/DizAbil.eu-1-300x200.jpg 300w, https:\/\/www.dizabil.eu\/info\/wp-content\/uploads\/2022\/11\/DizAbil.eu-1-768x512.jpg 768w, https:\/\/www.dizabil.eu\/info\/wp-content\/uploads\/2022\/11\/DizAbil.eu-1-1536x1024.jpg 1536w, https:\/\/www.dizabil.eu\/info\/wp-content\/uploads\/2022\/11\/DizAbil.eu-1-2048x1366.jpg 2048w\" sizes=\"(max-width: 1024px) 100vw, 1024px\" \/><\/a><\/p>\n<p><strong>Art. 20<\/strong><\/p>\n<p>(1)\u00cen vederea asigur\u0103rii accesului persoanelor cu handicap la ob\u021binerea unei locuin\u021be, autorit\u0103\u021bile publice au obliga\u021bia s\u0103 ia m\u0103suri pentru introducerea unui criteriu de prioritate pentru \u00eenchirierea, la nivelurile inferioare, a locuin\u021belor care apar\u021bin domeniului public al statului ori unit\u0103\u021bilor administrativ teritoriale ale acestuia.<\/p>\n<p>(2)Persoanele cu handicap grav beneficiaz\u0103 de urm\u0103toarele drepturi:<\/p>\n<p>a)acordarea unei camere de locuit, suplimentar fa\u021b\u0103 de normele minimale de locuit prev\u0103zute de lege, pe baza contractelor de \u00eenchiriere pentru locuin\u021bele care apar\u021bin domeniului public sau privat al statului ori al unit\u0103\u021bilor administrativ-teritoriale ale acestuia;<\/p>\n<p>b)scutirea de Ia plata chiriei pentru suprafe\u021bele locative cu destina\u021bie de locuin\u021be de\u021binute de stat sau de unit\u0103\u021bile administrativ-teritoriale ale acestuia \u0219i care sunt \u00een folosin\u021ba acestor persoane.<\/p>\n<p>(3)Beneficiaz\u0103 de prevederile alin. (2) \u0219i familia sau reprezentantul Iegal pe perioada \u00een care are \u00een \u00eengrijire un copil ori un adult cu handicap grav.<\/p>\n<p>(4) Beneficiaz\u0103 de prevederile alin. (2) lit. b) \u0219i adultul cu handicap accentuat.<\/p>\n","protected":false},"excerpt":{"rendered":"<p>Art. 20 (1)\u00cen vederea asigur\u0103rii accesului persoanelor cu handicap la ob\u021binerea unei locuin\u021be, autorit\u0103\u021bile publice au obliga\u021bia s\u0103 ia m\u0103suri pentru introducerea unui criteriu de prioritate pentru \u00eenchirierea, la nivelurile inferioare, a locuin\u021belor care apar\u021bin domeniului public al statului ori unit\u0103\u021bilor administrativ teritoriale ale acestuia. (2)Persoanele cu handicap grav beneficiaz\u0103 de urm\u0103toarele drepturi: a)acordarea unei [&hellip;]<\/p>\n","protected":false},"author":1,"featured_media":576,"comment_status":"closed","ping_status":"open","sticky":false,"template":"","format":"standard","meta":{"cybocfi_hide_featured_image":"yes"},"categories":[97],"tags":[],"yoast_head":"<!-- This site is optimized with the Yoast SEO plugin v18.0 - https:\/\/yoast.com\/wordpress\/plugins\/seo\/ -->\n<title>Locuin\u021b\u0103 - info.dizabil.eu<\/title>\n<meta name=\"robots\" content=\"index, follow, max-snippet:-1, max-image-preview:large, max-video-preview:-1\" \/>\n<link rel=\"canonical\" href=\"https:\/\/www.dizabil.eu\/info\/locuinta\/\" \/>\n<meta property=\"og:locale\" content=\"ro_RO\" \/>\n<meta property=\"og:type\" content=\"article\" \/>\n<meta property=\"og:title\" content=\"Locuin\u021b\u0103 - info.dizabil.eu\" \/>\n<meta property=\"og:description\" content=\"Art. 20 (1)\u00cen vederea asigur\u0103rii accesului persoanelor cu handicap la ob\u021binerea unei locuin\u021be, autorit\u0103\u021bile publice au obliga\u021bia s\u0103 ia m\u0103suri pentru introducerea unui criteriu de prioritate pentru \u00eenchirierea, la nivelurile inferioare, a locuin\u021belor care apar\u021bin domeniului public al statului ori unit\u0103\u021bilor administrativ teritoriale ale acestuia. (2)Persoanele cu handicap grav beneficiaz\u0103 de urm\u0103toarele drepturi: a)acordarea unei [&hellip;]\" \/>\n<meta property=\"og:url\" content=\"https:\/\/www.dizabil.eu\/info\/locuinta\/\" \/>\n<meta property=\"og:site_name\" content=\"info.dizabil.eu\" \/>\n<meta property=\"article:published_time\" content=\"2022-11-26T14:35:09+00:00\" \/>\n<meta property=\"article:modified_time\" content=\"2022-12-03T08:26:47+00:00\" \/>\n<meta property=\"og:image\" content=\"https:\/\/www.dizabil.eu\/info\/wp-content\/uploads\/2022\/11\/DizAbil.eu-1.jpg\" \/>\n\t<meta property=\"og:image:width\" content=\"2500\" \/>\n\t<meta property=\"og:image:height\" content=\"1667\" \/>\n\t<meta property=\"og:image:type\" content=\"image\/jpeg\" \/>\n<meta name=\"twitter:card\" content=\"summary_large_image\" \/>\n<meta name=\"twitter:label1\" content=\"Scris de\" \/>\n\t<meta name=\"twitter:data1\" content=\"dizabil.eu\" \/>\n\t<meta name=\"twitter:label2\" content=\"Timp estimat pentru citire\" \/>\n\t<meta name=\"twitter:data2\" content=\"2 minute\" \/>\n<script type=\"application\/ld+json\" class=\"yoast-schema-graph\">{\"@context\":\"https:\/\/schema.org\",\"@graph\":[{\"@type\":\"WebSite\",\"@id\":\"https:\/\/www.dizabil.eu\/info\/#website\",\"url\":\"https:\/\/www.dizabil.eu\/info\/\",\"name\":\"info.dizabil.eu\",\"description\":\"site destinat persoanelor cu dizabilitati\",\"potentialAction\":[{\"@type\":\"SearchAction\",\"target\":{\"@type\":\"EntryPoint\",\"urlTemplate\":\"https:\/\/www.dizabil.eu\/info\/?s={search_term_string}\"},\"query-input\":\"required name=search_term_string\"}],\"inLanguage\":\"ro-RO\"},{\"@type\":\"WebPage\",\"@id\":\"https:\/\/www.dizabil.eu\/info\/locuinta\/#webpage\",\"url\":\"https:\/\/www.dizabil.eu\/info\/locuinta\/\",\"name\":\"Locuin\u021b\u0103 - info.dizabil.eu\",\"isPartOf\":{\"@id\":\"https:\/\/www.dizabil.eu\/info\/#website\"},\"primaryImageOfPage\":{\"@id\":\"https:\/\/www.dizabil.eu\/info\/locuinta\/#primaryimage\"},\"datePublished\":\"2022-11-26T14:35:09+00:00\",\"dateModified\":\"2022-12-03T08:26:47+00:00\",\"author\":{\"@id\":\"https:\/\/www.dizabil.eu\/info\/#\/schema\/person\/45a43d786483fdbbf17f59603cdbbf53\"},\"breadcrumb\":{\"@id\":\"https:\/\/www.dizabil.eu\/info\/locuinta\/#breadcrumb\"},\"inLanguage\":\"ro-RO\",\"potentialAction\":[{\"@type\":\"ReadAction\",\"target\":[\"https:\/\/www.dizabil.eu\/info\/locuinta\/\"]}]},{\"@type\":\"BreadcrumbList\",\"@id\":\"https:\/\/www.dizabil.eu\/info\/locuinta\/#breadcrumb\",\"itemListElement\":[{\"@type\":\"ListItem\",\"position\":1,\"name\":\"Prima pagin\u0103\",\"item\":\"https:\/\/www.dizabil.eu\/info\/\"},{\"@type\":\"ListItem\",\"position\":2,\"name\":\"Locuin\u021b\u0103\"}]},{\"@type\":\"Person\",\"@id\":\"https:\/\/www.dizabil.eu\/info\/#\/schema\/person\/45a43d786483fdbbf17f59603cdbbf53\",\"name\":\"dizabil.eu\",\"image\":{\"@type\":\"ImageObject\",\"@id\":\"https:\/\/www.dizabil.eu\/info\/#personlogo\",\"inLanguage\":\"ro-RO\",\"url\":\"https:\/\/secure.gravatar.com\/avatar\/51be15a827648a4a30b866920625e032?s=96&d=mm&r=g\",\"contentUrl\":\"https:\/\/secure.gravatar.com\/avatar\/51be15a827648a4a30b866920625e032?s=96&d=mm&r=g\",\"caption\":\"dizabil.eu\"},\"url\":\"https:\/\/www.dizabil.eu\/info\/author\/vasy\/\"}]}<\/script>\n<!-- \/ Yoast SEO plugin. -->","yoast_head_json":{"title":"Locuin\u021b\u0103 - info.dizabil.eu","robots":{"index":"index","follow":"follow","max-snippet":"max-snippet:-1","max-image-preview":"max-image-preview:large","max-video-preview":"max-video-preview:-1"},"canonical":"https:\/\/www.dizabil.eu\/info\/locuinta\/","og_locale":"ro_RO","og_type":"article","og_title":"Locuin\u021b\u0103 - info.dizabil.eu","og_description":"Art. 20 (1)\u00cen vederea asigur\u0103rii accesului persoanelor cu handicap la ob\u021binerea unei locuin\u021be, autorit\u0103\u021bile publice au obliga\u021bia s\u0103 ia m\u0103suri pentru introducerea unui criteriu de prioritate pentru \u00eenchirierea, la nivelurile inferioare, a locuin\u021belor care apar\u021bin domeniului public al statului ori unit\u0103\u021bilor administrativ teritoriale ale acestuia. (2)Persoanele cu handicap grav beneficiaz\u0103 de urm\u0103toarele drepturi: a)acordarea unei [&hellip;]","og_url":"https:\/\/www.dizabil.eu\/info\/locuinta\/","og_site_name":"info.dizabil.eu","article_published_time":"2022-11-26T14:35:09+00:00","article_modified_time":"2022-12-03T08:26:47+00:00","og_image":[{"width":2500,"height":1667,"url":"https:\/\/www.dizabil.eu\/info\/wp-content\/uploads\/2022\/11\/DizAbil.eu-1.jpg","type":"image\/jpeg"}],"twitter_card":"summary_large_image","twitter_misc":{"Scris de":"dizabil.eu","Timp estimat pentru citire":"2 minute"},"schema":{"@context":"https:\/\/schema.org","@graph":[{"@type":"WebSite","@id":"https:\/\/www.dizabil.eu\/info\/#website","url":"https:\/\/www.dizabil.eu\/info\/","name":"info.dizabil.eu","description":"site destinat persoanelor cu dizabilitati","potentialAction":[{"@type":"SearchAction","target":{"@type":"EntryPoint","urlTemplate":"https:\/\/www.dizabil.eu\/info\/?s={search_term_string}"},"query-input":"required name=search_term_string"}],"inLanguage":"ro-RO"},{"@type":"WebPage","@id":"https:\/\/www.dizabil.eu\/info\/locuinta\/#webpage","url":"https:\/\/www.dizabil.eu\/info\/locuinta\/","name":"Locuin\u021b\u0103 - info.dizabil.eu","isPartOf":{"@id":"https:\/\/www.dizabil.eu\/info\/#website"},"primaryImageOfPage":{"@id":"https:\/\/www.dizabil.eu\/info\/locuinta\/#primaryimage"},"datePublished":"2022-11-26T14:35:09+00:00","dateModified":"2022-12-03T08:26:47+00:00","author":{"@id":"https:\/\/www.dizabil.eu\/info\/#\/schema\/person\/45a43d786483fdbbf17f59603cdbbf53"},"breadcrumb":{"@id":"https:\/\/www.dizabil.eu\/info\/locuinta\/#breadcrumb"},"inLanguage":"ro-RO","potentialAction":[{"@type":"ReadAction","target":["https:\/\/www.dizabil.eu\/info\/locuinta\/"]}]},{"@type":"BreadcrumbList","@id":"https:\/\/www.dizabil.eu\/info\/locuinta\/#breadcrumb","itemListElement":[{"@type":"ListItem","position":1,"name":"Prima pagin\u0103","item":"https:\/\/www.dizabil.eu\/info\/"},{"@type":"ListItem","position":2,"name":"Locuin\u021b\u0103"}]},{"@type":"Person","@id":"https:\/\/www.dizabil.eu\/info\/#\/schema\/person\/45a43d786483fdbbf17f59603cdbbf53","name":"dizabil.eu","image":{"@type":"ImageObject","@id":"https:\/\/www.dizabil.eu\/info\/#personlogo","inLanguage":"ro-RO","url":"https:\/\/secure.gravatar.com\/avatar\/51be15a827648a4a30b866920625e032?s=96&d=mm&r=g","contentUrl":"https:\/\/secure.gravatar.com\/avatar\/51be15a827648a4a30b866920625e032?s=96&d=mm&r=g","caption":"dizabil.eu"},"url":"https:\/\/www.dizabil.eu\/info\/author\/vasy\/"}]}},"_links":{"self":[{"href":"https:\/\/www.dizabil.eu\/info\/wp-json\/wp\/v2\/posts\/575"}],"collection":[{"href":"https:\/\/www.dizabil.eu\/info\/wp-json\/wp\/v2\/posts"}],"about":[{"href":"https:\/\/www.dizabil.eu\/info\/wp-json\/wp\/v2\/types\/post"}],"author":[{"embeddable":true,"href":"https:\/\/www.dizabil.eu\/info\/wp-json\/wp\/v2\/users\/1"}],"replies":[{"embeddable":true,"href":"https:\/\/www.dizabil.eu\/info\/wp-json\/wp\/v2\/comments?post=575"}],"version-history":[{"count":4,"href":"https:\/\/www.dizabil.eu\/info\/wp-json\/wp\/v2\/posts\/575\/revisions"}],"predecessor-version":[{"id":720,"href":"https:\/\/www.dizabil.eu\/info\/wp-json\/wp\/v2\/posts\/575\/revisions\/720"}],"wp:featuredmedia":[{"embeddable":true,"href":"https:\/\/www.dizabil.eu\/info\/wp-json\/wp\/v2\/media\/576"}],"wp:attachment":[{"href":"https:\/\/www.dizabil.eu\/info\/wp-json\/wp\/v2\/media?parent=575"}],"wp:term":[{"taxonomy":"category","embeddable":true,"href":"https:\/\/www.dizabil.eu\/info\/wp-json\/wp\/v2\/categories?post=575"},{"taxonomy":"post_tag","embeddable":true,"href":"https:\/\/www.dizabil.eu\/info\/wp-json\/wp\/v2\/tags?post=575"}],"curies":[{"name":"wp","href":"https:\/\/api.w.org\/{rel}","templated":true}]}}