{"id":603,"date":"2022-11-28T18:08:27","date_gmt":"2022-11-28T16:08:27","guid":{"rendered":"http:\/\/www.dizabil.eu\/info\/?p=603"},"modified":"2022-12-03T10:44:45","modified_gmt":"2022-12-03T08:44:45","slug":"documentele-necesare-pt-incadrare-grad-de-handicap","status":"publish","type":"post","link":"https:\/\/www.dizabil.eu\/info\/documentele-necesare-pt-incadrare-grad-de-handicap\/","title":{"rendered":"Documentele necesare \u00een vederea \u00eencadr\u0103rii \u00eentr-un grad de handicap"},"content":{"rendered":"<p><a href=\"http:\/\/www.dizabil.eu\/info\/wp-content\/uploads\/2022\/11\/COPERTA-Informati-Pentru-O-Viata-Mai-Buna-LOGO-w-1200-1.jpg\"><img loading=\"lazy\" class=\"alignnone wp-image-515 size-large\" src=\"http:\/\/www.dizabil.eu\/info\/wp-content\/uploads\/2022\/11\/COPERTA-Informati-Pentru-O-Viata-Mai-Buna-LOGO-w-1200-1-1024x551.jpg\" alt=\"\" width=\"1024\" height=\"551\" srcset=\"https:\/\/www.dizabil.eu\/info\/wp-content\/uploads\/2022\/11\/COPERTA-Informati-Pentru-O-Viata-Mai-Buna-LOGO-w-1200-1-1024x551.jpg 1024w, https:\/\/www.dizabil.eu\/info\/wp-content\/uploads\/2022\/11\/COPERTA-Informati-Pentru-O-Viata-Mai-Buna-LOGO-w-1200-1-300x162.jpg 300w, https:\/\/www.dizabil.eu\/info\/wp-content\/uploads\/2022\/11\/COPERTA-Informati-Pentru-O-Viata-Mai-Buna-LOGO-w-1200-1-768x413.jpg 768w, https:\/\/www.dizabil.eu\/info\/wp-content\/uploads\/2022\/11\/COPERTA-Informati-Pentru-O-Viata-Mai-Buna-LOGO-w-1200-1.jpg 1200w\" sizes=\"(max-width: 1024px) 100vw, 1024px\" \/><\/a><\/p>\n<h3>Documentele necesare \u00een vederea \u00eencadr\u0103rii \u00eentr-un grad de handicap<\/h3>\n<p>Conform HG. 430\/2008 cu modific\u0103rile ulterioare, sunt urm\u0103toarele:<br \/>\n1. <strong>Referat in origina<\/strong>l de la medicul specialist privind situa\u021bia medical\u0103 prezent\u0103 cu\u00a0:<br \/>\n-diagnosticul clinic (specificat si debutul);<br \/>\n-deficien\u021ba func\u021bional\u0103; <br \/>\n-investiga\u021bii care sus\u021bin deficien\u021ba;<br \/>\n-m\u0103suri de recuperare.<br \/>\n2. <strong>Scrisoare medical\u0103 tip<\/strong> de la medicul de familie \u00een original (completata integral, ANTECEDENTE+ istoricul bolii).<br \/>\n3. <strong>Anchet\u0103 social\u0103<\/strong> de la primaria de domiciliu \u00een original. <br \/>\n4. Copie xerox act de identitate (inclusiv pagina cu domiciliul actual(muta\u021bie)\u00ceN TERMEN DE VALABILITATE.<br \/>\n5. <strong>Cupon de pensie\/ adeverin\u021ba de salariat\/venit<\/strong>.<br \/>\n6. <strong>Decizie de pensionare-copie+original<\/strong><br \/>\n7. Alte documente medicale (bilete ie\u0219ire spital, etc, care vizeaz\u0103 afec\u021biunea din referate) xerox \u0219i original.<br \/>\n8.<strong> Investiga\u021bii paraclinice recente<\/strong> care sustin diagnosticul din referat.<br \/>\n9.<strong> Dosar incopciat<\/strong> 1\/1.<br \/>\n10. <strong>Cerere- tip de evaluare complex\u0103<\/strong> conf. H.G.430\/2008 (de la Primaria de domiciliu sau de la registratura D.P.P.D.A.P.V). <a href=\"http:\/\/www.dizabil.eu\/info\/wp-content\/uploads\/2022\/11\/Cerere-de-evaluare-complexa-in-vederea-incadrarii-in-grad-de-handicap.pdf\">Descarc\u0103\u00a0!<\/a><br \/>\n11.<strong> Certificat de \u00eencadrare \u00een grad de handicap<\/strong>(copie + original).<\/p>\n","protected":false},"excerpt":{"rendered":"<p>Documentele necesare \u00een vederea \u00eencadr\u0103rii \u00eentr-un grad de handicap Conform HG. 430\/2008 cu modific\u0103rile ulterioare, sunt urm\u0103toarele: 1. Referat in original de la medicul specialist privind situa\u021bia medical\u0103 prezent\u0103 cu\u00a0: -diagnosticul clinic (specificat si debutul); -deficien\u021ba func\u021bional\u0103; -investiga\u021bii care sus\u021bin deficien\u021ba; -m\u0103suri de recuperare. 2. Scrisoare medical\u0103 tip de la medicul de familie \u00een original [&hellip;]<\/p>\n","protected":false},"author":1,"featured_media":515,"comment_status":"closed","ping_status":"open","sticky":false,"template":"","format":"standard","meta":{"cybocfi_hide_featured_image":"yes"},"categories":[97],"tags":[],"yoast_head":"<!-- This site is optimized with the Yoast SEO plugin v18.0 - https:\/\/yoast.com\/wordpress\/plugins\/seo\/ -->\n<title>Documentele necesare \u00een vederea \u00eencadr\u0103rii \u00eentr-un grad de handicap - info.dizabil.eu<\/title>\n<meta name=\"robots\" content=\"index, follow, max-snippet:-1, max-image-preview:large, max-video-preview:-1\" \/>\n<link rel=\"canonical\" href=\"https:\/\/www.dizabil.eu\/info\/documentele-necesare-pt-incadrare-grad-de-handicap\/\" \/>\n<meta property=\"og:locale\" content=\"ro_RO\" \/>\n<meta property=\"og:type\" content=\"article\" \/>\n<meta property=\"og:title\" content=\"Documentele necesare \u00een vederea \u00eencadr\u0103rii \u00eentr-un grad de handicap - info.dizabil.eu\" \/>\n<meta property=\"og:description\" content=\"Documentele necesare \u00een vederea \u00eencadr\u0103rii \u00eentr-un grad de handicap Conform HG. 430\/2008 cu modific\u0103rile ulterioare, sunt urm\u0103toarele: 1. Referat in original de la medicul specialist privind situa\u021bia medical\u0103 prezent\u0103 cu\u00a0: -diagnosticul clinic (specificat si debutul); -deficien\u021ba func\u021bional\u0103; -investiga\u021bii care sus\u021bin deficien\u021ba; -m\u0103suri de recuperare. 2. Scrisoare medical\u0103 tip de la medicul de familie \u00een original [&hellip;]\" \/>\n<meta property=\"og:url\" content=\"https:\/\/www.dizabil.eu\/info\/documentele-necesare-pt-incadrare-grad-de-handicap\/\" \/>\n<meta property=\"og:site_name\" content=\"info.dizabil.eu\" \/>\n<meta property=\"article:published_time\" content=\"2022-11-28T16:08:27+00:00\" \/>\n<meta property=\"article:modified_time\" content=\"2022-12-03T08:44:45+00:00\" \/>\n<meta property=\"og:image\" content=\"https:\/\/www.dizabil.eu\/info\/wp-content\/uploads\/2022\/11\/COPERTA-Informati-Pentru-O-Viata-Mai-Buna-LOGO-w-1200-1.jpg\" \/>\n\t<meta property=\"og:image:width\" content=\"1200\" \/>\n\t<meta property=\"og:image:height\" content=\"646\" \/>\n\t<meta property=\"og:image:type\" content=\"image\/jpeg\" \/>\n<meta name=\"twitter:card\" content=\"summary_large_image\" \/>\n<meta name=\"twitter:label1\" content=\"Scris de\" \/>\n\t<meta name=\"twitter:data1\" content=\"dizabil.eu\" \/>\n\t<meta name=\"twitter:label2\" content=\"Timp estimat pentru citire\" \/>\n\t<meta name=\"twitter:data2\" content=\"2 minute\" \/>\n<script type=\"application\/ld+json\" class=\"yoast-schema-graph\">{\"@context\":\"https:\/\/schema.org\",\"@graph\":[{\"@type\":\"WebSite\",\"@id\":\"https:\/\/www.dizabil.eu\/info\/#website\",\"url\":\"https:\/\/www.dizabil.eu\/info\/\",\"name\":\"info.dizabil.eu\",\"description\":\"site destinat persoanelor cu dizabilitati\",\"potentialAction\":[{\"@type\":\"SearchAction\",\"target\":{\"@type\":\"EntryPoint\",\"urlTemplate\":\"https:\/\/www.dizabil.eu\/info\/?s={search_term_string}\"},\"query-input\":\"required name=search_term_string\"}],\"inLanguage\":\"ro-RO\"},{\"@type\":\"WebPage\",\"@id\":\"https:\/\/www.dizabil.eu\/info\/documentele-necesare-pt-incadrare-grad-de-handicap\/#webpage\",\"url\":\"https:\/\/www.dizabil.eu\/info\/documentele-necesare-pt-incadrare-grad-de-handicap\/\",\"name\":\"Documentele necesare \u00een vederea \u00eencadr\u0103rii \u00eentr-un grad de handicap - info.dizabil.eu\",\"isPartOf\":{\"@id\":\"https:\/\/www.dizabil.eu\/info\/#website\"},\"primaryImageOfPage\":{\"@id\":\"https:\/\/www.dizabil.eu\/info\/documentele-necesare-pt-incadrare-grad-de-handicap\/#primaryimage\"},\"datePublished\":\"2022-11-28T16:08:27+00:00\",\"dateModified\":\"2022-12-03T08:44:45+00:00\",\"author\":{\"@id\":\"https:\/\/www.dizabil.eu\/info\/#\/schema\/person\/45a43d786483fdbbf17f59603cdbbf53\"},\"breadcrumb\":{\"@id\":\"https:\/\/www.dizabil.eu\/info\/documentele-necesare-pt-incadrare-grad-de-handicap\/#breadcrumb\"},\"inLanguage\":\"ro-RO\",\"potentialAction\":[{\"@type\":\"ReadAction\",\"target\":[\"https:\/\/www.dizabil.eu\/info\/documentele-necesare-pt-incadrare-grad-de-handicap\/\"]}]},{\"@type\":\"BreadcrumbList\",\"@id\":\"https:\/\/www.dizabil.eu\/info\/documentele-necesare-pt-incadrare-grad-de-handicap\/#breadcrumb\",\"itemListElement\":[{\"@type\":\"ListItem\",\"position\":1,\"name\":\"Prima pagin\u0103\",\"item\":\"https:\/\/www.dizabil.eu\/info\/\"},{\"@type\":\"ListItem\",\"position\":2,\"name\":\"Documentele necesare \u00een vederea \u00eencadr\u0103rii \u00eentr-un grad de handicap\"}]},{\"@type\":\"Person\",\"@id\":\"https:\/\/www.dizabil.eu\/info\/#\/schema\/person\/45a43d786483fdbbf17f59603cdbbf53\",\"name\":\"dizabil.eu\",\"image\":{\"@type\":\"ImageObject\",\"@id\":\"https:\/\/www.dizabil.eu\/info\/#personlogo\",\"inLanguage\":\"ro-RO\",\"url\":\"https:\/\/secure.gravatar.com\/avatar\/51be15a827648a4a30b866920625e032?s=96&d=mm&r=g\",\"contentUrl\":\"https:\/\/secure.gravatar.com\/avatar\/51be15a827648a4a30b866920625e032?s=96&d=mm&r=g\",\"caption\":\"dizabil.eu\"},\"url\":\"https:\/\/www.dizabil.eu\/info\/author\/vasy\/\"}]}<\/script>\n<!-- \/ Yoast SEO plugin. -->","yoast_head_json":{"title":"Documentele necesare \u00een vederea \u00eencadr\u0103rii \u00eentr-un grad de handicap - info.dizabil.eu","robots":{"index":"index","follow":"follow","max-snippet":"max-snippet:-1","max-image-preview":"max-image-preview:large","max-video-preview":"max-video-preview:-1"},"canonical":"https:\/\/www.dizabil.eu\/info\/documentele-necesare-pt-incadrare-grad-de-handicap\/","og_locale":"ro_RO","og_type":"article","og_title":"Documentele necesare \u00een vederea \u00eencadr\u0103rii \u00eentr-un grad de handicap - info.dizabil.eu","og_description":"Documentele necesare \u00een vederea \u00eencadr\u0103rii \u00eentr-un grad de handicap Conform HG. 430\/2008 cu modific\u0103rile ulterioare, sunt urm\u0103toarele: 1. Referat in original de la medicul specialist privind situa\u021bia medical\u0103 prezent\u0103 cu\u00a0: -diagnosticul clinic (specificat si debutul); -deficien\u021ba func\u021bional\u0103; -investiga\u021bii care sus\u021bin deficien\u021ba; -m\u0103suri de recuperare. 2. Scrisoare medical\u0103 tip de la medicul de familie \u00een original [&hellip;]","og_url":"https:\/\/www.dizabil.eu\/info\/documentele-necesare-pt-incadrare-grad-de-handicap\/","og_site_name":"info.dizabil.eu","article_published_time":"2022-11-28T16:08:27+00:00","article_modified_time":"2022-12-03T08:44:45+00:00","og_image":[{"width":1200,"height":646,"url":"https:\/\/www.dizabil.eu\/info\/wp-content\/uploads\/2022\/11\/COPERTA-Informati-Pentru-O-Viata-Mai-Buna-LOGO-w-1200-1.jpg","type":"image\/jpeg"}],"twitter_card":"summary_large_image","twitter_misc":{"Scris de":"dizabil.eu","Timp estimat pentru citire":"2 minute"},"schema":{"@context":"https:\/\/schema.org","@graph":[{"@type":"WebSite","@id":"https:\/\/www.dizabil.eu\/info\/#website","url":"https:\/\/www.dizabil.eu\/info\/","name":"info.dizabil.eu","description":"site destinat persoanelor cu dizabilitati","potentialAction":[{"@type":"SearchAction","target":{"@type":"EntryPoint","urlTemplate":"https:\/\/www.dizabil.eu\/info\/?s={search_term_string}"},"query-input":"required name=search_term_string"}],"inLanguage":"ro-RO"},{"@type":"WebPage","@id":"https:\/\/www.dizabil.eu\/info\/documentele-necesare-pt-incadrare-grad-de-handicap\/#webpage","url":"https:\/\/www.dizabil.eu\/info\/documentele-necesare-pt-incadrare-grad-de-handicap\/","name":"Documentele necesare \u00een vederea \u00eencadr\u0103rii \u00eentr-un grad de handicap - info.dizabil.eu","isPartOf":{"@id":"https:\/\/www.dizabil.eu\/info\/#website"},"primaryImageOfPage":{"@id":"https:\/\/www.dizabil.eu\/info\/documentele-necesare-pt-incadrare-grad-de-handicap\/#primaryimage"},"datePublished":"2022-11-28T16:08:27+00:00","dateModified":"2022-12-03T08:44:45+00:00","author":{"@id":"https:\/\/www.dizabil.eu\/info\/#\/schema\/person\/45a43d786483fdbbf17f59603cdbbf53"},"breadcrumb":{"@id":"https:\/\/www.dizabil.eu\/info\/documentele-necesare-pt-incadrare-grad-de-handicap\/#breadcrumb"},"inLanguage":"ro-RO","potentialAction":[{"@type":"ReadAction","target":["https:\/\/www.dizabil.eu\/info\/documentele-necesare-pt-incadrare-grad-de-handicap\/"]}]},{"@type":"BreadcrumbList","@id":"https:\/\/www.dizabil.eu\/info\/documentele-necesare-pt-incadrare-grad-de-handicap\/#breadcrumb","itemListElement":[{"@type":"ListItem","position":1,"name":"Prima pagin\u0103","item":"https:\/\/www.dizabil.eu\/info\/"},{"@type":"ListItem","position":2,"name":"Documentele necesare \u00een vederea \u00eencadr\u0103rii \u00eentr-un grad de handicap"}]},{"@type":"Person","@id":"https:\/\/www.dizabil.eu\/info\/#\/schema\/person\/45a43d786483fdbbf17f59603cdbbf53","name":"dizabil.eu","image":{"@type":"ImageObject","@id":"https:\/\/www.dizabil.eu\/info\/#personlogo","inLanguage":"ro-RO","url":"https:\/\/secure.gravatar.com\/avatar\/51be15a827648a4a30b866920625e032?s=96&d=mm&r=g","contentUrl":"https:\/\/secure.gravatar.com\/avatar\/51be15a827648a4a30b866920625e032?s=96&d=mm&r=g","caption":"dizabil.eu"},"url":"https:\/\/www.dizabil.eu\/info\/author\/vasy\/"}]}},"_links":{"self":[{"href":"https:\/\/www.dizabil.eu\/info\/wp-json\/wp\/v2\/posts\/603"}],"collection":[{"href":"https:\/\/www.dizabil.eu\/info\/wp-json\/wp\/v2\/posts"}],"about":[{"href":"https:\/\/www.dizabil.eu\/info\/wp-json\/wp\/v2\/types\/post"}],"author":[{"embeddable":true,"href":"https:\/\/www.dizabil.eu\/info\/wp-json\/wp\/v2\/users\/1"}],"replies":[{"embeddable":true,"href":"https:\/\/www.dizabil.eu\/info\/wp-json\/wp\/v2\/comments?post=603"}],"version-history":[{"count":6,"href":"https:\/\/www.dizabil.eu\/info\/wp-json\/wp\/v2\/posts\/603\/revisions"}],"predecessor-version":[{"id":726,"href":"https:\/\/www.dizabil.eu\/info\/wp-json\/wp\/v2\/posts\/603\/revisions\/726"}],"wp:featuredmedia":[{"embeddable":true,"href":"https:\/\/www.dizabil.eu\/info\/wp-json\/wp\/v2\/media\/515"}],"wp:attachment":[{"href":"https:\/\/www.dizabil.eu\/info\/wp-json\/wp\/v2\/media?parent=603"}],"wp:term":[{"taxonomy":"category","embeddable":true,"href":"https:\/\/www.dizabil.eu\/info\/wp-json\/wp\/v2\/categories?post=603"},{"taxonomy":"post_tag","embeddable":true,"href":"https:\/\/www.dizabil.eu\/info\/wp-json\/wp\/v2\/tags?post=603"}],"curies":[{"name":"wp","href":"https:\/\/api.w.org\/{rel}","templated":true}]}}