{"id":612,"date":"2022-11-29T10:54:15","date_gmt":"2022-11-29T08:54:15","guid":{"rendered":"http:\/\/www.dizabil.eu\/info\/?p=612"},"modified":"2022-12-02T09:09:46","modified_gmt":"2022-12-02T07:09:46","slug":"drepturi-in-frunctie-de-gradul-de-handicap","status":"publish","type":"post","link":"https:\/\/www.dizabil.eu\/info\/drepturi-in-frunctie-de-gradul-de-handicap\/","title":{"rendered":"Drepturi \u00een frunc\u021bie de gradul de handicap"},"content":{"rendered":"<p><a href=\"http:\/\/www.dizabil.eu\/info\/wp-content\/uploads\/2022\/11\/DizAbil.eu-2.jpg\"><img loading=\"lazy\" class=\"alignnone size-large wp-image-669\" src=\"http:\/\/www.dizabil.eu\/info\/wp-content\/uploads\/2022\/11\/DizAbil.eu-2-1024x682.jpg\" alt=\"\" width=\"1024\" height=\"682\" srcset=\"https:\/\/www.dizabil.eu\/info\/wp-content\/uploads\/2022\/11\/DizAbil.eu-2-1024x682.jpg 1024w, https:\/\/www.dizabil.eu\/info\/wp-content\/uploads\/2022\/11\/DizAbil.eu-2-300x200.jpg 300w, https:\/\/www.dizabil.eu\/info\/wp-content\/uploads\/2022\/11\/DizAbil.eu-2-768x512.jpg 768w, https:\/\/www.dizabil.eu\/info\/wp-content\/uploads\/2022\/11\/DizAbil.eu-2-1536x1024.jpg 1536w, https:\/\/www.dizabil.eu\/info\/wp-content\/uploads\/2022\/11\/DizAbil.eu-2-2048x1365.jpg 2048w\" sizes=\"(max-width: 1024px) 100vw, 1024px\" \/><\/a><\/p>\n<ul>\n<li>\n<h4>Gradul grav de handicap (l) cu asistent personal:<\/h4>\n<\/li>\n<\/ul>\n<p>&#8211; scutire impozit pe venit (institutie responsabil\u0103 : Angajator- conform Codului Fiscal);<br \/>\n&#8211; scutire impozit pe locuin\u021b\u0103 (institu\u021bie responsabil\u0103: Autoritatea public\u0103 local\u0103 \u2013\u00a0conform Codului Fiscal);<br \/>\n&#8211; gratuitate transport interurban (institutie responsabil\u0103:D.G.A.S.P.C. Vrancea \u2013\u00a0D.P.P.D.A.P.V.);<br \/>\n&#8211; legitimatie transport urban cu mijloace de transport \u00een comun de suprafa\u021b\u0103 (institutie\u00a0responsabil\u0103:D.G.A.S.P.C. Vrancea \u2013 D.P.P.D.A.P.V.);<br \/>\n&#8211; indemniza\u021bie \u00een cuantum de 368 lei \u0219i buget complementar \u00een cuantum de 158\u00a0lei\/lun\u0103 (institu\u0163ie responsabil\u0103 : D.G.A.S.P.C. Vrancea \u2013 D.P.P.D.A.P.V., plata\u00a0presta\u021biilor sociale se face din oficiu); <br \/>\n&#8211; asistent personal sau indemniza\u021bie pentru asistent personal(institu\u021bie responsabil\u0103:\u00a0Autoritatea public\u0103 local\u0103 iar \u00een cazul adultului cu handicap vizual grav v\u0103 adresati D.G.A.S.P.C. Vrancea &#8211; D.P.P.D.A.P.V.);\u00a0<br \/>\n&#8211; asigurare medical\u0103 (institu\u0163ie responsabil\u0103: Unit\u0103\u0163ile de s\u0103n\u0103tate);<br \/>\n&#8211; bilet gratuit de tratament balnear (institutie responsabil\u0103: Casa Judetean\u0103 de Pensii);<br \/>\n&#8211; gratuitate la taxa de drum &#8211; Rovinieta (institutie responsabil\u0103: D.G.A.S.P.C. Vrancea\u00a0&#8211; D.P.P.D.A.P.V.).\u00a0<\/p>\n<ul>\n<li>\n<h4>Grad grav de handicap (l):<\/h4>\n<\/li>\n<\/ul>\n<p>&#8211; scutire impozit pe venit (institu\u0163ie responsabil\u0103 : Angajator- conform Codului Fiscal);<br \/>\n&#8211; scutire impozit pe locuin\u0163\u0103 (institutie responsabil\u0103: Autoritatea public\u0103 local\u0103 \u2013\u00a0conform Codului Fiscal);<br \/>\n&#8211; gratuitate transport interurban (institu\u0163ie responsabil\u0103: D.G.A.S.P.C. Vrancea &#8211;\u00a0D.P.P.D.A.P.V.);<br \/>\n&#8211; legitima\u0163ie transport urban cu mijloace de transport \u00een comun de suprafa\u021b\u0103 (institu\u021bie responsabil\u0103:D.G.A.S.P.C. Vrancea &#8211; D.P.P.D.A.P.V.);<br \/>\n&#8211; indemniza\u021bie \u00een cuantum de 368 lei \u0219i buget complementar \u00een cuantum de 158 lei\/lun\u0103 (institu\u0163ie responsabil\u0103 : D.G.A.S.P.C. Vrancea \u2013 D.P.P.D.A.P.V., plata presta\u021biilor sociale se face din oficiu);<br \/>\n&#8211; asigurare medical\u0103 (institu\u0163ie responsabil\u0103: Unit\u0103\u021bile de s\u0103n\u0103tate);\u00a0<br \/>\n&#8211; bilet gratuit de tratament balnear (institutie responsabil\u0103: Casa Judetean\u0103 de Pensii);<br \/>\n&#8211; gratuitate la taxa de drum \u2013 Rovinieta (institutie responsabil\u0103: D.G.A.S.P.C. Vrancea\u00a0&#8211; D.P.P.D.A.P.V.)<\/p>\n<ul>\n<li>\n<h4>Grad accentuat de handicap (ll):<\/h4>\n<\/li>\n<\/ul>\n<p>&#8211; scutire impozit pe venit (institutie responsabil\u0103 : Angajator- conform Codului Fiscal);<br \/>\n&#8211; scutire impozit pe locuin\u021b\u0103 (institutie responsabil\u0103: Autoritatea public\u0103 local\u0103 &#8211; conform Codului Fiscal);<br \/>\n&#8211; gratuitate transport interurban (institu\u0163ie responsabil\u0103:D.G.A.S.P.C. Vrancea \u2013\u00a0D.P.P.D.A.P.V.);<br \/>\n&#8211; legitima\u0163ie transport urban cu mijloace de transport \u00een comun de suprafa\u021b\u0103 (institu\u021bie\u00a0responsabil\u0103:D.G.A.S.P.C. Vrancea \u2013 D.P.P.D.A.P.V.);<br \/>\n&#8211; indemnizatie \u00een cuantum de 279 lei \u0219i buget complementar \u00een cuantum de 116\u00a0lei\/lun\u0103 (institu\u021bie responsabil\u0103 : D.G.A.S.P.C. Vrancea \u2013 D.P.P.D.A.P.V., plata\u00a0presta\u021biilor sociale se face din oficiu);<br \/>\n&#8211; asigurare medical\u0103 (institu\u021bie responsabil\u0103: Unit\u0103\u021bile de s\u0103n\u0103tate);\u00a0<br \/>\n&#8211; bilet gratuit de tratament balnear (institutie responsabil\u0103: Casa Judetean\u0103 de Pensii);<br \/>\n&#8211; gratuitate la taxa de drum- Rovinieta (institu\u0163ie responsabil\u0103: D.G.A.S.P.C. Vrancea &#8211; D.P.P.D.A.P.V.).\u00a0<\/p>\n<ul>\n<li>\n<h4>Grad de handicap mediu (III):<\/h4>\n<\/li>\n<\/ul>\n<p>&#8211; buget complementar \u00een cuantum de 64 lei\/lun\u0103 (institutie responsabil\u0103 :\u00a0<br \/>\nD.G.A.S.P.C. Vrancea \u2013 D.P.P.D.A.P.V., plata presta\u021biilor sociale se face din oficiu);\u00a0<br \/>\n&#8211; asigurare medical\u0103 (institu\u021bie responsabil\u0103: Unit\u0103\u0163ile de s\u0103n\u0103tate);\u00a0<br \/>\n&#8211; bilet gratuit de tratament balnear (institutie responsabil\u0103: Casa Jude\u021bean\u0103 de Pensii);<br \/>\n&#8211; gratuitate la taxa de drum \u2013 Rovinieta (institu\u0163ie responsabil\u0103: D.G.A.S.P.C. Vrancea\u00a0&#8211; D.P.P.D.A.P.V.).\u00a0<\/p>\n<ul>\n<li>\n<h4>Grad de handicap u\u015for (IV) :<\/h4>\n<\/li>\n<\/ul>\n<p>&#8211; asigurare medical\u0103 (institu\u021bie responsabil\u0103: Unit\u0103\u0163ile de s\u0103n\u0103tate);<br \/>\n&#8211; bilet gratuit de tratament balnear (institu\u021bie responsabil\u0103: Casa Jude\u021bean\u0103 de Pensii);<br \/>\n&#8211; gratuitate la taxa de drum \u2013 Rovinieta (institutie responsabil\u0103: D.G.A.S.P.C. Vrancea\u00a0&#8211; D.P.P.D.A.P.V.).\u00a0<\/p>\n<p style=\"padding-left: 40px;\">\u00a0<\/p>\n<hr \/>\n<p style=\"padding-left: 40px;\"><span style=\"color: #808080;\"> <em>Pentru rela\u021bii suplimentare pute\u021bi s\u0103 contacta\u021bi D.P.P.D.A.P.V la num\u0103rul de telefon 0237\/627019 sau la adresa de e-mail: dph_vrancea@yahoo.com\u00a0(dac\u0103 locui\u021bi \u00een Vrancea).<\/em><\/span><\/p>\n","protected":false},"excerpt":{"rendered":"<p>Gradul grav de handicap (l) cu asistent personal: &#8211; scutire impozit pe venit (institutie responsabil\u0103 : Angajator- conform Codului Fiscal); &#8211; scutire impozit pe locuin\u021b\u0103 (institu\u021bie responsabil\u0103: Autoritatea public\u0103 local\u0103 \u2013\u00a0conform Codului Fiscal); &#8211; gratuitate transport interurban (institutie responsabil\u0103:D.G.A.S.P.C. Vrancea \u2013\u00a0D.P.P.D.A.P.V.); &#8211; legitimatie transport urban cu mijloace de transport \u00een comun de suprafa\u021b\u0103 (institutie\u00a0responsabil\u0103:D.G.A.S.P.C. Vrancea [&hellip;]<\/p>\n","protected":false},"author":1,"featured_media":669,"comment_status":"closed","ping_status":"open","sticky":false,"template":"","format":"standard","meta":{"cybocfi_hide_featured_image":"yes"},"categories":[97],"tags":[],"yoast_head":"<!-- This site is optimized with the Yoast SEO plugin v18.0 - https:\/\/yoast.com\/wordpress\/plugins\/seo\/ -->\n<title>Drepturi \u00een frunc\u021bie de gradul de handicap - info.dizabil.eu<\/title>\n<meta name=\"robots\" content=\"index, follow, max-snippet:-1, max-image-preview:large, max-video-preview:-1\" \/>\n<link rel=\"canonical\" href=\"http:\/\/www.dizabil.eu\/info\/drepturi-in-frunctie-de-gradul-de-handicap\/\" \/>\n<meta property=\"og:locale\" content=\"ro_RO\" \/>\n<meta property=\"og:type\" content=\"article\" \/>\n<meta property=\"og:title\" content=\"Drepturi \u00een frunc\u021bie de gradul de handicap - info.dizabil.eu\" \/>\n<meta property=\"og:description\" content=\"Gradul grav de handicap (l) cu asistent personal: &#8211; scutire impozit pe venit (institutie responsabil\u0103 : Angajator- conform Codului Fiscal); &#8211; scutire impozit pe locuin\u021b\u0103 (institu\u021bie responsabil\u0103: Autoritatea public\u0103 local\u0103 \u2013\u00a0conform Codului Fiscal); &#8211; gratuitate transport interurban (institutie responsabil\u0103:D.G.A.S.P.C. Vrancea \u2013\u00a0D.P.P.D.A.P.V.); &#8211; legitimatie transport urban cu mijloace de transport \u00een comun de suprafa\u021b\u0103 (institutie\u00a0responsabil\u0103:D.G.A.S.P.C. Vrancea [&hellip;]\" \/>\n<meta property=\"og:url\" content=\"http:\/\/www.dizabil.eu\/info\/drepturi-in-frunctie-de-gradul-de-handicap\/\" \/>\n<meta property=\"og:site_name\" content=\"info.dizabil.eu\" \/>\n<meta property=\"article:published_time\" content=\"2022-11-29T08:54:15+00:00\" \/>\n<meta property=\"article:modified_time\" content=\"2022-12-02T07:09:46+00:00\" \/>\n<meta property=\"og:image\" content=\"http:\/\/www.dizabil.eu\/info\/wp-content\/uploads\/2022\/11\/DizAbil.eu-2.jpg\" \/>\n\t<meta property=\"og:image:width\" content=\"2500\" \/>\n\t<meta property=\"og:image:height\" content=\"1666\" \/>\n\t<meta property=\"og:image:type\" content=\"image\/jpeg\" \/>\n<meta name=\"twitter:card\" content=\"summary_large_image\" \/>\n<meta name=\"twitter:label1\" content=\"Scris de\" \/>\n\t<meta name=\"twitter:data1\" content=\"dizabil.eu\" \/>\n\t<meta name=\"twitter:label2\" content=\"Timp estimat pentru citire\" \/>\n\t<meta name=\"twitter:data2\" content=\"3 minute\" \/>\n<script type=\"application\/ld+json\" class=\"yoast-schema-graph\">{\"@context\":\"https:\/\/schema.org\",\"@graph\":[{\"@type\":\"WebSite\",\"@id\":\"https:\/\/www.dizabil.eu\/info\/#website\",\"url\":\"https:\/\/www.dizabil.eu\/info\/\",\"name\":\"info.dizabil.eu\",\"description\":\"site destinat persoanelor cu dizabilitati\",\"potentialAction\":[{\"@type\":\"SearchAction\",\"target\":{\"@type\":\"EntryPoint\",\"urlTemplate\":\"https:\/\/www.dizabil.eu\/info\/?s={search_term_string}\"},\"query-input\":\"required name=search_term_string\"}],\"inLanguage\":\"ro-RO\"},{\"@type\":\"WebPage\",\"@id\":\"http:\/\/www.dizabil.eu\/info\/drepturi-in-frunctie-de-gradul-de-handicap\/#webpage\",\"url\":\"http:\/\/www.dizabil.eu\/info\/drepturi-in-frunctie-de-gradul-de-handicap\/\",\"name\":\"Drepturi \u00een frunc\u021bie de gradul de handicap - info.dizabil.eu\",\"isPartOf\":{\"@id\":\"https:\/\/www.dizabil.eu\/info\/#website\"},\"primaryImageOfPage\":{\"@id\":\"http:\/\/www.dizabil.eu\/info\/drepturi-in-frunctie-de-gradul-de-handicap\/#primaryimage\"},\"datePublished\":\"2022-11-29T08:54:15+00:00\",\"dateModified\":\"2022-12-02T07:09:46+00:00\",\"author\":{\"@id\":\"https:\/\/www.dizabil.eu\/info\/#\/schema\/person\/45a43d786483fdbbf17f59603cdbbf53\"},\"breadcrumb\":{\"@id\":\"http:\/\/www.dizabil.eu\/info\/drepturi-in-frunctie-de-gradul-de-handicap\/#breadcrumb\"},\"inLanguage\":\"ro-RO\",\"potentialAction\":[{\"@type\":\"ReadAction\",\"target\":[\"http:\/\/www.dizabil.eu\/info\/drepturi-in-frunctie-de-gradul-de-handicap\/\"]}]},{\"@type\":\"BreadcrumbList\",\"@id\":\"http:\/\/www.dizabil.eu\/info\/drepturi-in-frunctie-de-gradul-de-handicap\/#breadcrumb\",\"itemListElement\":[{\"@type\":\"ListItem\",\"position\":1,\"name\":\"Prima pagin\u0103\",\"item\":\"https:\/\/www.dizabil.eu\/info\/\"},{\"@type\":\"ListItem\",\"position\":2,\"name\":\"Drepturi \u00een frunc\u021bie de gradul de handicap\"}]},{\"@type\":\"Person\",\"@id\":\"https:\/\/www.dizabil.eu\/info\/#\/schema\/person\/45a43d786483fdbbf17f59603cdbbf53\",\"name\":\"dizabil.eu\",\"image\":{\"@type\":\"ImageObject\",\"@id\":\"https:\/\/www.dizabil.eu\/info\/#personlogo\",\"inLanguage\":\"ro-RO\",\"url\":\"https:\/\/secure.gravatar.com\/avatar\/51be15a827648a4a30b866920625e032?s=96&d=mm&r=g\",\"contentUrl\":\"https:\/\/secure.gravatar.com\/avatar\/51be15a827648a4a30b866920625e032?s=96&d=mm&r=g\",\"caption\":\"dizabil.eu\"},\"url\":\"https:\/\/www.dizabil.eu\/info\/author\/vasy\/\"}]}<\/script>\n<!-- \/ Yoast SEO plugin. -->","yoast_head_json":{"title":"Drepturi \u00een frunc\u021bie de gradul de handicap - info.dizabil.eu","robots":{"index":"index","follow":"follow","max-snippet":"max-snippet:-1","max-image-preview":"max-image-preview:large","max-video-preview":"max-video-preview:-1"},"canonical":"http:\/\/www.dizabil.eu\/info\/drepturi-in-frunctie-de-gradul-de-handicap\/","og_locale":"ro_RO","og_type":"article","og_title":"Drepturi \u00een frunc\u021bie de gradul de handicap - info.dizabil.eu","og_description":"Gradul grav de handicap (l) cu asistent personal: &#8211; scutire impozit pe venit (institutie responsabil\u0103 : Angajator- conform Codului Fiscal); &#8211; scutire impozit pe locuin\u021b\u0103 (institu\u021bie responsabil\u0103: Autoritatea public\u0103 local\u0103 \u2013\u00a0conform Codului Fiscal); &#8211; gratuitate transport interurban (institutie responsabil\u0103:D.G.A.S.P.C. Vrancea \u2013\u00a0D.P.P.D.A.P.V.); &#8211; legitimatie transport urban cu mijloace de transport \u00een comun de suprafa\u021b\u0103 (institutie\u00a0responsabil\u0103:D.G.A.S.P.C. Vrancea [&hellip;]","og_url":"http:\/\/www.dizabil.eu\/info\/drepturi-in-frunctie-de-gradul-de-handicap\/","og_site_name":"info.dizabil.eu","article_published_time":"2022-11-29T08:54:15+00:00","article_modified_time":"2022-12-02T07:09:46+00:00","og_image":[{"width":2500,"height":1666,"url":"http:\/\/www.dizabil.eu\/info\/wp-content\/uploads\/2022\/11\/DizAbil.eu-2.jpg","type":"image\/jpeg"}],"twitter_card":"summary_large_image","twitter_misc":{"Scris de":"dizabil.eu","Timp estimat pentru citire":"3 minute"},"schema":{"@context":"https:\/\/schema.org","@graph":[{"@type":"WebSite","@id":"https:\/\/www.dizabil.eu\/info\/#website","url":"https:\/\/www.dizabil.eu\/info\/","name":"info.dizabil.eu","description":"site destinat persoanelor cu dizabilitati","potentialAction":[{"@type":"SearchAction","target":{"@type":"EntryPoint","urlTemplate":"https:\/\/www.dizabil.eu\/info\/?s={search_term_string}"},"query-input":"required name=search_term_string"}],"inLanguage":"ro-RO"},{"@type":"WebPage","@id":"http:\/\/www.dizabil.eu\/info\/drepturi-in-frunctie-de-gradul-de-handicap\/#webpage","url":"http:\/\/www.dizabil.eu\/info\/drepturi-in-frunctie-de-gradul-de-handicap\/","name":"Drepturi \u00een frunc\u021bie de gradul de handicap - info.dizabil.eu","isPartOf":{"@id":"https:\/\/www.dizabil.eu\/info\/#website"},"primaryImageOfPage":{"@id":"http:\/\/www.dizabil.eu\/info\/drepturi-in-frunctie-de-gradul-de-handicap\/#primaryimage"},"datePublished":"2022-11-29T08:54:15+00:00","dateModified":"2022-12-02T07:09:46+00:00","author":{"@id":"https:\/\/www.dizabil.eu\/info\/#\/schema\/person\/45a43d786483fdbbf17f59603cdbbf53"},"breadcrumb":{"@id":"http:\/\/www.dizabil.eu\/info\/drepturi-in-frunctie-de-gradul-de-handicap\/#breadcrumb"},"inLanguage":"ro-RO","potentialAction":[{"@type":"ReadAction","target":["http:\/\/www.dizabil.eu\/info\/drepturi-in-frunctie-de-gradul-de-handicap\/"]}]},{"@type":"BreadcrumbList","@id":"http:\/\/www.dizabil.eu\/info\/drepturi-in-frunctie-de-gradul-de-handicap\/#breadcrumb","itemListElement":[{"@type":"ListItem","position":1,"name":"Prima pagin\u0103","item":"https:\/\/www.dizabil.eu\/info\/"},{"@type":"ListItem","position":2,"name":"Drepturi \u00een frunc\u021bie de gradul de handicap"}]},{"@type":"Person","@id":"https:\/\/www.dizabil.eu\/info\/#\/schema\/person\/45a43d786483fdbbf17f59603cdbbf53","name":"dizabil.eu","image":{"@type":"ImageObject","@id":"https:\/\/www.dizabil.eu\/info\/#personlogo","inLanguage":"ro-RO","url":"https:\/\/secure.gravatar.com\/avatar\/51be15a827648a4a30b866920625e032?s=96&d=mm&r=g","contentUrl":"https:\/\/secure.gravatar.com\/avatar\/51be15a827648a4a30b866920625e032?s=96&d=mm&r=g","caption":"dizabil.eu"},"url":"https:\/\/www.dizabil.eu\/info\/author\/vasy\/"}]}},"_links":{"self":[{"href":"https:\/\/www.dizabil.eu\/info\/wp-json\/wp\/v2\/posts\/612"}],"collection":[{"href":"https:\/\/www.dizabil.eu\/info\/wp-json\/wp\/v2\/posts"}],"about":[{"href":"https:\/\/www.dizabil.eu\/info\/wp-json\/wp\/v2\/types\/post"}],"author":[{"embeddable":true,"href":"https:\/\/www.dizabil.eu\/info\/wp-json\/wp\/v2\/users\/1"}],"replies":[{"embeddable":true,"href":"https:\/\/www.dizabil.eu\/info\/wp-json\/wp\/v2\/comments?post=612"}],"version-history":[{"count":3,"href":"https:\/\/www.dizabil.eu\/info\/wp-json\/wp\/v2\/posts\/612\/revisions"}],"predecessor-version":[{"id":670,"href":"https:\/\/www.dizabil.eu\/info\/wp-json\/wp\/v2\/posts\/612\/revisions\/670"}],"wp:featuredmedia":[{"embeddable":true,"href":"https:\/\/www.dizabil.eu\/info\/wp-json\/wp\/v2\/media\/669"}],"wp:attachment":[{"href":"https:\/\/www.dizabil.eu\/info\/wp-json\/wp\/v2\/media?parent=612"}],"wp:term":[{"taxonomy":"category","embeddable":true,"href":"https:\/\/www.dizabil.eu\/info\/wp-json\/wp\/v2\/categories?post=612"},{"taxonomy":"post_tag","embeddable":true,"href":"https:\/\/www.dizabil.eu\/info\/wp-json\/wp\/v2\/tags?post=612"}],"curies":[{"name":"wp","href":"https:\/\/api.w.org\/{rel}","templated":true}]}}